{"id":3553,"date":"2019-01-19T17:57:44","date_gmt":"2019-01-19T16:57:44","guid":{"rendered":"https:\/\/www.oraviaggiando.it\/blog\/\/?p=3553"},"modified":"2019-01-19T18:13:36","modified_gmt":"2019-01-19T17:13:36","slug":"i-giorni-della-merla-2019-azienda-agricola-maria-pia-castelli","status":"publish","type":"post","link":"https:\/\/www.oraviaggiando.it\/blog\/i-giorni-della-merla-2019-azienda-agricola-maria-pia-castelli\/","title":{"rendered":"I Giorni della Merla 2019 &#8211; Azienda Agricola Maria Pia Castelli"},"content":{"rendered":"\n<p>Anche quest&#8217;anno, il 2 ed il 3 Febbraio, nei cosiddetti &#8220;Giorni della merla&#8221;, l\u2019AZIENDA AGRICOLA MARIA PIA CASTELLI apre le porte alla vendita di vino rosso sfuso SOLO SU PRENOTAZIONE.<\/p>\n\n\n\n<p>Nei 2 giorni ci saranno banchi d&#8217;assaggio di eccellenti realt\u00e0 del territorio e\u2026altre sorpese! <\/p>\n\n\n\n<p>Tra le aziende che parteciperanno, citiamo:<\/p>\n\n\n\n<p><strong>Cau &amp; Spada<\/strong><br> L\u2019Azienda, nasce nel cuore del Montefeltro, terra antica, armoniosa e al tempo stesso selvaggia, tra l\u2019Appennino e il Mare,<br> sulle fertili colline dell\u2019entroterra, tra Pesaro ed Urbino.<br> Specializzata nella produzione di formaggio pecorino,<br> l&#8217;azienda controlla rigorosamente ogni fase della lavorazione, dal pascolo alla stagionatura, quale perfetto esempio di \u201cfiliera corta\u201d.<br> Il latte trasformato, proviene solo ed esclusivamente dalle<br> greggi dell\u2019Azienda, non trascurando le colture, che sono<br> totalmente a regime biologico certificato. Cau &amp; Spada, \u00e8 gelosa custode di quei ritmi e sani valori, tipici e propri del Pastore di un tempo.<\/p>\n\n\n\n<p><strong>Fattorie Biologiche Scib\u00e8<\/strong><br>La famiglia Scib\u00e8 \u00e8 presente sin dal 1600 nel territorio di Grottazzolina in localit\u00e0 &#8220;Passo di colle&#8221; dove coltiva parte delle colline che dividono la valle del fiume Tenna da quella del torrente Ete. Oggi l&#8217;azienda alleva bovini, ovini, suini e animali da cortile per la produzione di carne; viene inoltre praticata l&#8217;apicoltura per la produzione di vari tipi di miele. Da sempre vengono seguiti i principi dell&#8217;agricoltura biologica nella rotazione colturale adeguandola all&#8217;alimentazione zootecnica e alla concimazione con il letame prodotto dall&#8217;allevamento aziendale.<br>Dai primi anni &#8217;90 la filiera di produzione della carne biologica e&#8217; completata da uno spaccio per la vendita diretta in azienda e su richiesta si effettua la distribuzione della carne certificata a domicilio.<\/p>\n\n\n\n<p><strong>Azienda Agricola Lu Conde<\/strong><br>L&#8217;azienda nasce ad Alteta di Montegiorgio nel 1957, quando i nonni Bernardini Nello e Moretti Nella decidono di acquistare i primi appezzamenti di terra per la coltivazione di cereali.<br>Nel 1968 inizia il primo allevamento di suini con una scrofa, pollame e una stalla con 6 bovini, usati nella lavorazione dei campi.<br> Dal 1995 l&#8217;azienda \u00e8 gestita da Luca, Alessandro e Giorgio, la terza generazione, con lo scopo di trasmettere e far assaporare i vecchi profumi e sapori genuini, lavorando le carni seguendo le antiche tradizioni, che si sono perse nel corso degli anni con l\u2019inizio della grande industria.<\/p>\n\n\n\n<p>Per prenotare la visita in cantina e il vino rosso sfuso, telefona ai numeri:<br> 0734 841774- Cantina<br> 340 6479660- Massimo<br> 3333406711 &#8211; Alessandro<\/p>\n","protected":false},"excerpt":{"rendered":"<p>Anche quest&#8217;anno, il 2 ed il 3 Febbraio, nei cosiddetti &#8220;Giorni della merla&#8221;, l\u2019AZIENDA AGRICOLA MARIA PIA CASTELLI apre le porte alla vendita di vino rosso sfuso SOLO SU PRENOTAZIONE. Nei 2 giorni ci saranno banchi d&#8217;assaggio di eccellenti realt\u00e0 del territorio e\u2026altre sorpese! Tra le aziende che parteciperanno, citiamo: Cau &amp; Spada L\u2019Azienda, nasce [&hellip;]<\/p>\n","protected":false},"author":1,"featured_media":3555,"comment_status":"open","ping_status":"open","sticky":false,"template":"","format":"standard","meta":{"footnotes":""},"categories":[85,43,90],"tags":[],"class_list":["post-3553","post","type-post","status-publish","format-standard","has-post-thumbnail","hentry","category-eventi","category-news","category-primo-piano"],"_links":{"self":[{"href":"https:\/\/www.oraviaggiando.it\/blog\/wp-json\/wp\/v2\/posts\/3553","targetHints":{"allow":["GET"]}}],"collection":[{"href":"https:\/\/www.oraviaggiando.it\/blog\/wp-json\/wp\/v2\/posts"}],"about":[{"href":"https:\/\/www.oraviaggiando.it\/blog\/wp-json\/wp\/v2\/types\/post"}],"author":[{"embeddable":true,"href":"https:\/\/www.oraviaggiando.it\/blog\/wp-json\/wp\/v2\/users\/1"}],"replies":[{"embeddable":true,"href":"https:\/\/www.oraviaggiando.it\/blog\/wp-json\/wp\/v2\/comments?post=3553"}],"version-history":[{"count":2,"href":"https:\/\/www.oraviaggiando.it\/blog\/wp-json\/wp\/v2\/posts\/3553\/revisions"}],"predecessor-version":[{"id":3556,"href":"https:\/\/www.oraviaggiando.it\/blog\/wp-json\/wp\/v2\/posts\/3553\/revisions\/3556"}],"wp:featuredmedia":[{"embeddable":true,"href":"https:\/\/www.oraviaggiando.it\/blog\/wp-json\/wp\/v2\/media\/3555"}],"wp:attachment":[{"href":"https:\/\/www.oraviaggiando.it\/blog\/wp-json\/wp\/v2\/media?parent=3553"}],"wp:term":[{"taxonomy":"category","embeddable":true,"href":"https:\/\/www.oraviaggiando.it\/blog\/wp-json\/wp\/v2\/categories?post=3553"},{"taxonomy":"post_tag","embeddable":true,"href":"https:\/\/www.oraviaggiando.it\/blog\/wp-json\/wp\/v2\/tags?post=3553"}],"curies":[{"name":"wp","href":"https:\/\/api.w.org\/{rel}","templated":true}]}}