{"id":394,"date":"2009-03-11T00:00:00","date_gmt":"2009-03-11T00:00:00","guid":{"rendered":"https:\/\/www.oraviaggiando.it\/blog\/\/a-milano-la-fiera-del-consumo-critico-n22\/"},"modified":"2009-03-11T00:00:00","modified_gmt":"2009-03-11T00:00:00","slug":"a-milano-la-fiera-del-consumo-critico-n22","status":"publish","type":"post","link":"https:\/\/www.oraviaggiando.it\/blog\/a-milano-la-fiera-del-consumo-critico-n22\/","title":{"rendered":"A Milano la fiera del consumo critico"},"content":{"rendered":"<div id=\"content\">\n<h1 style=\"display:none;\">A Milano la fiera del consumo critico<\/h1>\n<p><strong>Fa&#8217; la cosa giusta!<\/strong> &#8211; La fiera del consumo critico e degli stili di vita sostenibili &#8211; che si tiene dal 13 al 15 marzo 2009 presso i padiglioni 1 e 2 di Fiera Milano City &#8211; Porta Scarampo. In Italia cresce sempre pi\u00f9 l&#8217;interese per l&#8217;economia solidale: molte realt\u00e0 intraprendono un percorso di sostenibilit\u00e0, e il numero di consumatori che scelgono prodotti e servizi ricchi in qualit\u00e0 e valori aumenta. Per questo Terre di Mezzo ha lanciato il \u201cProgetto Fa\u2019 la cosa giusta!\u201d, che si propone di diffondere sul territorio nazionale questi valori, in sinergia con il tessuto istituzionale, associativo e imprenditoriale locale. L\u2019edizione 2008 ha avuto 40 mila visitatori, oltre 450 espositori, 400 giornalisti accreditati, 1000 studenti delle scuole medie e superiori di Milano, 130 volontari e 30 tra incontri e convegni. L\u2019edizione di quest\u2019anno si prospetta ancora pi\u00f9 ricca e interessante: ospita 500 espositori e una cinquantina di convegni, incontri e approfondimenti. Lo spazio espositivo \u00e8 suddiviso in tre aree in cui sono presentate le idee, le pratiche e i prodotti per uno stile di vita sostenibile.<\/p>\n<p>\u00a0<\/p>\n<p>1. PENSO Idee e progetti per un consumo consapevole<\/p>\n<p>2. SCELGO I servizi dell&#8217;economia solidale<\/p>\n<p>\u2022 Economia Carceraria<\/p>\n<p>\u2022 Finanza Etica<\/p>\n<p>Istituti bancari, raccolte di risparmio a scopo sociale\/solidale, progetti di microcredito nel Sud del mondo, programmi di investimento \u201ceticamente orientati\u201d, assicurazioni solidali.<\/p>\n<p>\u2022 Turismo Solidale<\/p>\n<p>Enti e imprese di turismo, soci dell\u2019Associazione Italiana Turismo Responsabile (Spazio AITR), realt\u00e0 del turismo associativo, cooperativo, sociale e ambientale che operano secondo principi di giustizia sociale ed economica e nel pieno rispetto dell\u2019ambiente e delle culture. Per l\u2019edizione 2009 la sezione verr\u00e0 suddivisa in sotto-aree: Turismo del cammino; Parchi, riserve naturali e aree protette; Turismo scolastico e Turismo accessibile.<\/p>\n<p>\u2022 Software Libero e Information Technology Etica<\/p>\n<p>\u2022 Viaggiare leggeri<\/p>\n<p>Associazioni, enti pubblici e imprese profit e non profit impegnate nella diffusione di strumenti di mobilit\u00e0 sostenibile: bicicletta, trasporto pubblico, car sharing, car pooling e apparecchi elettrici e a idrogeno.<\/p>\n<p>\u2022 Formazione e Comunicazione per la Sostenibilit\u00e0<\/p>\n<p>3. AGISCO La mia spesa quotidiana responsabile<\/p>\n<p>\u2022 Mangia come parli!<\/p>\n<p>Aziende agricole, prodotti provenienti da Agricoltura Biologica, a km0, Agricoltura biodinamica e molto altro.<\/p>\n<p>\u2022 Commercio equo e solidale<\/p>\n<p>\u2022 Editoria e Promozione Culturale<\/p>\n<p>\u2022 Eco-Prodotti<\/p>\n<p>Abbigliamento, arredamento, prodotti per la bellezza e l\u2019igiene personale, prodotti per la casa o l\u2019ufficio che garantiscono un basso impatto ambientale durante l\u2019intero ciclo di vita del prodotto.<\/p>\n<p>Cosmetici e igiene personale, legno (mobili e complementi di arredo fabbricati attraverso processi non inquinanti), tessuti naturali, stoffe per rivestimenti, tessuti per imbottiture, giocattoli, detersivi e prodotti detergenti per la casa e i luoghi di lavoro, cartoleria e articoli per l\u2019ufficio eco-compatibili.<\/p>\n<p>\u2022 Critical Fashion<\/p>\n<p>Produttori di abbigliamento e accessori realizzati con tessuti naturali e materiale di riciclo.<\/p>\n<p>\u2022 Monelli Ribelli<\/p>\n<p>Prodotti e servizi per i pi\u00f9 piccoli, corsi, laboratori e incontri, animazioni, giochi educativi, babysitting e fasciatoio tutto a disposizione dei bambini e dei loro genitori.<\/p>\n<p>\u00a0<\/p>\n<p>Per di pi\u00f9 una sezione speciale \u00e8 dedicata a \u201cLa Casa che Risparmia\u201d con:<\/p>\n<p>\u2022 Arredamento sostenibile<\/p>\n<p>\u2022 Bio\u2013edilizia<\/p>\n<p>\u2022 Soluzioni e idee per il consumo consapevole di energia<\/p>\n<p>\u2022 Esperienze di condivisione e gestione di soluzioni abitative.<\/p>\n<p>\u00a0<\/p>\n<p>Fa\u2019 la cosa giusta! coinvolge anche le scuole di Milano e della provincia che saranno invitate a partecipare ad un progetto di formazione e di riflessione intorno a i temi dell\u2019intercultura e del rispetto delle differenze. Con l\u2019aiuto di animatori e formatori porteremo il tema di quest\u2019anno \u2013 La casa che risparmia &#8211; nel cuore del mondo scolastico.<\/p>\n<p>\u00a0<\/p>\n<p>Attraverso incontri, tavole rotonde, workshop e convegni si cercher\u00e0 di approfondire e mostrare percorsi alternativi sui grandi temi di attualit\u00e0: crisi alimentare, risparmio energetico, finanza etica, rifiuti, mobilit\u00e0 sostenibile. Troveranno spazio questioni pi\u00f9 locali: i progetti per l\u2019Expo 2015, la riforma del sistema scolastico, il futuro delle carceri italiane&#8230;<\/p>\n<p>\u00a0<\/p>\n<p>Informazioni utili:<\/p>\n<p>13-14-15 marzo 2009<\/p>\n<p>\u00a0<\/p>\n<p>Luogo<\/p>\n<p>fieramilanocity &#8211; pad. 1 e 2 &#8211; Porta Scarampo<\/p>\n<p>Viale Scarampo, Milano<\/p>\n<p>\u00a0<\/p>\n<p>Orari di ingresso<\/p>\n<p>Venerd\u00ec 13 marzo: 9.00-20.00<\/p>\n<p>Sabato 14 marzo: 9.00 -23.00<\/p>\n<p>Domenica 15 marzo: 10.00 -19.00<\/p>\n<p>\u00a0<\/p>\n<p>Ingresso con catalogo acquistabile all&#8217;ingresso della fiera al costo di \u20ac5,00; oppure acquistando il libro &#8216;Guida all&#8217;acquisto in cascina&#8217; al costo di \u20ac10,00.<\/p>\n<p>\u00a0<\/p>\n<p>Le prossime tappe di Fa\u2019 la cosa giusta! saranno:<\/p>\n<p>Fa\u2019 la cosa giusta! Genova (settembre 2009)<\/p>\n<p>Kuminda \u2013 Parma (met\u00e0 ottobre 2009)<\/p>\n<p>Fa\u2019 la cosa giusta! Trento (23-25 ottobre 2009)<\/p>\n<p>Fa\u2019 la cosa giusta! Torino (13-15 novembre 2009)<\/p>\n<p>Fa\u2019 la cosa giusta! Palermo (primavera 2010)<\/p>\n<p>\u00a0<\/p>\n<p>\u00a0<\/p>\n<div id=\"date\" style=\"display:none;\">2009-03-11<\/div>\n<\/div>\n","protected":false},"excerpt":{"rendered":"<p>A Milano la fiera del consumo critico Fa&#8217; la cosa giusta! &#8211; La fiera del consumo critico e degli stili di vita sostenibili &#8211; che si tiene dal 13 al 15 marzo 2009 presso i padiglioni 1 e 2 di Fiera Milano City &#8211; Porta Scarampo. In Italia cresce sempre pi\u00f9 l&#8217;interese per l&#8217;economia solidale: [&hellip;]<\/p>\n","protected":false},"author":1,"featured_media":0,"comment_status":"open","ping_status":"open","sticky":false,"template":"","format":"standard","meta":{"footnotes":""},"categories":[85],"tags":[],"class_list":["post-394","post","type-post","status-publish","format-standard","hentry","category-eventi"],"_links":{"self":[{"href":"https:\/\/www.oraviaggiando.it\/blog\/wp-json\/wp\/v2\/posts\/394","targetHints":{"allow":["GET"]}}],"collection":[{"href":"https:\/\/www.oraviaggiando.it\/blog\/wp-json\/wp\/v2\/posts"}],"about":[{"href":"https:\/\/www.oraviaggiando.it\/blog\/wp-json\/wp\/v2\/types\/post"}],"author":[{"embeddable":true,"href":"https:\/\/www.oraviaggiando.it\/blog\/wp-json\/wp\/v2\/users\/1"}],"replies":[{"embeddable":true,"href":"https:\/\/www.oraviaggiando.it\/blog\/wp-json\/wp\/v2\/comments?post=394"}],"version-history":[{"count":0,"href":"https:\/\/www.oraviaggiando.it\/blog\/wp-json\/wp\/v2\/posts\/394\/revisions"}],"wp:attachment":[{"href":"https:\/\/www.oraviaggiando.it\/blog\/wp-json\/wp\/v2\/media?parent=394"}],"wp:term":[{"taxonomy":"category","embeddable":true,"href":"https:\/\/www.oraviaggiando.it\/blog\/wp-json\/wp\/v2\/categories?post=394"},{"taxonomy":"post_tag","embeddable":true,"href":"https:\/\/www.oraviaggiando.it\/blog\/wp-json\/wp\/v2\/tags?post=394"}],"curies":[{"name":"wp","href":"https:\/\/api.w.org\/{rel}","templated":true}]}}