{"id":396,"date":"2009-03-24T00:00:00","date_gmt":"2009-03-24T00:00:00","guid":{"rendered":"https:\/\/www.oraviaggiando.it\/blog\/\/al-vinitaly-le-marche-si-raccontanobene-n24\/"},"modified":"2009-03-24T00:00:00","modified_gmt":"2009-03-24T00:00:00","slug":"al-vinitaly-le-marche-si-raccontanobene-n24","status":"publish","type":"post","link":"https:\/\/www.oraviaggiando.it\/blog\/al-vinitaly-le-marche-si-raccontanobene-n24\/","title":{"rendered":"Al Vinitaly le Marche si raccontano&#8230;bene!"},"content":{"rendered":"<div id=\"content\">\n<h1 style=\"display:none;\">Al Vinitaly le Marche si raccontano&#8230;bene!<\/h1>\n<p style=\"margin-bottom: 0cm;\"><span lang=\"it-IT\">Vinitaly quest\u2019anno<br \/>\nsi presenta come &#8221;il mondo che amiamo&#8221;: il vino prima di tutto, ma<br \/>\nanche la qualit\u00e0, l\u2019ambiente, il territorio, gli uomini e le loro<br \/>\nsfide&#8230; tra borghi e campagne. Vinitaly \u00e8 tutto questo: il luogo<br \/>\ndove ogni anno chi ama questo mondo si incontra.<br \/>Vinitaly \u00e8<br \/>\nsoprattutto opportunit\u00e0 di business in una fiera che concentra in 5<br \/>\ngiorni il pi\u00f9 alto numero di contatti realizzabili in un intero<br \/>\nanno, attraverso azioni mirate di matching diretto: il Buyers Club<br \/>\nonline, il GDO Buyers Club, i workshop e le degustazioni mirati ne<br \/>\nsono un chiaro esempio.<br \/>Tanti sono gli espositori italiani e<br \/>\nstranieri presenti su un&#8217;area di quasi 80 mila metri quadrati netti,<br \/>\nche propongono la loro migliore produzione, offrendo una panoramica<br \/>\ndelle pi\u00f9 prestigiose tradizioni enologiche e vitivinicole. Tra gli<br \/>\nespositori di spicco vogliamo citare la regione Marche che, in<br \/>\ncollaborazione con Ais Marche, quest&#8217;anno ha preparato un programma<br \/>\ndi grandissimo interesse che abbiamo voluto riportare di seguito.<\/span><\/p>\n<p style=\"margin-bottom: 0cm;\"><span lang=\"it-IT\">STAND DELLA  REGIONE<br \/>\nMARCHE<\/span><span lang=\"it-IT\"> PAD. 7 AREA D7<\/span><\/p>\n<p>Gioved\u00ec 2 aprile<\/p>\n<p>\u00a0<\/p>\n<p style=\"margin-bottom: 0cm;\">ore 12<span lang=\"it-IT\"><br \/>Conferenza stampa di<br \/>\nprese<\/span><span lang=\"it-IT\">ntazione della Regione Marche<\/span><span lang=\"it-IT\">a seguire<br \/>\naperitivo con  le eccellenze marchigiane<\/p>\n<p>ore 16<\/span><span lang=\"it-IT\"><br \/>I Vini marchigiani<\/span><span lang=\"it-IT\"> Campioni del Mondo:<br \/>Pelago, Balciana e<br \/>\nTor di Ruta<\/span><span lang=\"it-IT\">\u2026 raccontati dai sommelier<\/span><br \/>Venerdi 3 aprile<\/p>\n<p style=\"margin-bottom: 0cm;\"><span lang=\"it-IT\">ore 12<\/span><span lang=\"it-IT\"><br \/>Verdicchio dei<\/span><span lang=\"it-IT\"> Castelli di Jesi, versione riserva<br \/>un vino infinito<\/span><span lang=\"it-IT\">\u2026<br \/>\n raccontato  dai sommelier<br \/>in abbinamento ai <\/span><span lang=\"it-IT\">prodotti tipici del territorio\u2026  la<br \/>\nCasciotta d\u2019Urbino dop<\/span><\/p>\n<p style=\"margin-bottom: 0cm;\">ore 14.30<br \/>Sommelier ad honorem<br \/>Investitura ufficiale a sommelier ad<br \/>\nHonorem del Presidente Consiglio Regionale delle Marche Raffaele<br \/>\nBucciarelli.<\/p>\n<p style=\"margin-bottom: 0cm;\"><span lang=\"it-IT\">Sar\u00e0 presente il<br \/>\nPresidente AIS Marche Otello Renzi e il Presidente AIS Nazionale<br \/>\nTerenzio Medri <\/span><\/p>\n<p style=\"margin-bottom: 0cm;\"><span lang=\"it-IT\">ore 17<\/span><span lang=\"it-IT\"><br \/>Dolci meditazioni a<br \/>\ntavola:<\/span><span lang=\"it-IT\"> I Grandi Vini Passiti delle Marche<\/span><br \/>raccontati dai sommelier<\/p>\n<p>\u00a0<\/p>\n<p style=\"margin-bottom: 0cm;\">in<br \/>\nabbinamento ai dolci  tipici del territorio<\/p>\n<p style=\"margin-bottom: 0cm;\">Sabato 4 aprile<\/p>\n<p style=\"margin-bottom: 0cm;\">ore 12<span lang=\"it-IT\"><br \/>Verdicchio di<br \/>\nMatelica a tutto campo<\/span><span lang=\"it-IT\">\u2026.raccontato dai<br \/>\nsommelier\u2026<\/span><span lang=\"it-IT\"><br \/>in abbinamento ai<br \/>\nprodotti tipici del territorio\u2026 il salame di Fabriano<\/span><\/p>\n<p style=\"margin-bottom: 0cm;\">ore 17<span lang=\"it-IT\"><br \/>Spazio Dop:<\/span><span lang=\"it-IT\"> Il Prosciutto di Carpegna e i suoi abbinamenti<\/span><\/p>\n<p style=\"margin-bottom: 0cm;\"><span lang=\"it-IT\">Domenica 5 aprile<\/span><span lang=\"it-IT\"> <\/span><\/p>\n<p style=\"margin-bottom: 0cm;\"><span lang=\"it-IT\">ore <\/span><span lang=\"it-IT\">12<br \/>Presentazione del<\/span><span lang=\"it-IT\">la<br \/>\nGuida  \u201cLe Marche da Bere\u201d  con la presenza del presidente<br \/>\nnazionale AIS Terenzio Medri e del presidente AIS Marche Otello Renzi<\/span><\/p>\n<p style=\"margin-bottom: 0cm;\">ore 13<span lang=\"it-IT\"><br \/>Vini d\u2019Amare:<\/span><span lang=\"it-IT\"> Giovani vitigni crescono <br \/>(p<\/span><span lang=\"it-IT\">ecorino,<br \/>\npasserina, maceratino, biancame)\u2026 in abbinamento ai prodotti tipici<br \/>\ndel territorio\u2026  Il ciauscolo<\/span><\/p>\n<p style=\"margin-bottom: 0cm;\"><span lang=\"it-IT\">ore 1<\/span><span lang=\"it-IT\">6<br \/>Spazio Dop<\/span><span lang=\"it-IT\">:<br \/>\nla vera oliva ascolana  del Piceno e i suoi abbinamenti<\/span><\/p>\n<p style=\"margin-bottom: 0cm;\">Luned\u00ec  6 aprile<\/p>\n<p style=\"margin-bottom: 0cm;\"><span lang=\"it-IT\">o<\/span><span lang=\"it-IT\">re<br \/>\n12<br \/>Formaggio di fossa<br \/>\ndi Talamello<\/span><span lang=\"it-IT\">\u2026 quali vini marchigiani in<br \/>\nabbinamento<\/span><\/p>\n<p style=\"margin-bottom: 0cm;\">\u00a0<\/p>\n<p style=\"margin-bottom: 0cm;\">per ulteriori informazioni <a rel=\"nofollow\" title=\"ais marche, programma vinitaly\" href=\"http:\/\/www.aismarche.it\/shownews.php?id=61\" target=\"_blank\">CLICCA QUI&#8217;<\/a><\/p>\n<p style=\"margin-bottom: 0cm;\">\u00a0<\/p>\n<p>\u00a0<\/p>\n<div id=\"date\" style=\"display:none;\">2009-03-24<\/div>\n<\/div>\n","protected":false},"excerpt":{"rendered":"<p>Al Vinitaly le Marche si raccontano&#8230;bene! Vinitaly quest\u2019anno si presenta come &#8221;il mondo che amiamo&#8221;: il vino prima di tutto, ma anche la qualit\u00e0, l\u2019ambiente, il territorio, gli uomini e le loro sfide&#8230; tra borghi e campagne. Vinitaly \u00e8 tutto questo: il luogo dove ogni anno chi ama questo mondo si incontra.Vinitaly \u00e8 soprattutto opportunit\u00e0 [&hellip;]<\/p>\n","protected":false},"author":1,"featured_media":0,"comment_status":"open","ping_status":"open","sticky":false,"template":"","format":"standard","meta":{"footnotes":""},"categories":[85],"tags":[],"class_list":["post-396","post","type-post","status-publish","format-standard","hentry","category-eventi"],"_links":{"self":[{"href":"https:\/\/www.oraviaggiando.it\/blog\/wp-json\/wp\/v2\/posts\/396","targetHints":{"allow":["GET"]}}],"collection":[{"href":"https:\/\/www.oraviaggiando.it\/blog\/wp-json\/wp\/v2\/posts"}],"about":[{"href":"https:\/\/www.oraviaggiando.it\/blog\/wp-json\/wp\/v2\/types\/post"}],"author":[{"embeddable":true,"href":"https:\/\/www.oraviaggiando.it\/blog\/wp-json\/wp\/v2\/users\/1"}],"replies":[{"embeddable":true,"href":"https:\/\/www.oraviaggiando.it\/blog\/wp-json\/wp\/v2\/comments?post=396"}],"version-history":[{"count":0,"href":"https:\/\/www.oraviaggiando.it\/blog\/wp-json\/wp\/v2\/posts\/396\/revisions"}],"wp:attachment":[{"href":"https:\/\/www.oraviaggiando.it\/blog\/wp-json\/wp\/v2\/media?parent=396"}],"wp:term":[{"taxonomy":"category","embeddable":true,"href":"https:\/\/www.oraviaggiando.it\/blog\/wp-json\/wp\/v2\/categories?post=396"},{"taxonomy":"post_tag","embeddable":true,"href":"https:\/\/www.oraviaggiando.it\/blog\/wp-json\/wp\/v2\/tags?post=396"}],"curies":[{"name":"wp","href":"https:\/\/api.w.org\/{rel}","templated":true}]}}