{"id":4009,"date":"2020-05-09T15:20:32","date_gmt":"2020-05-09T13:20:32","guid":{"rendered":"https:\/\/www.oraviaggiando.it\/blog\/\/?p=4009"},"modified":"2020-05-09T15:20:33","modified_gmt":"2020-05-09T13:20:33","slug":"luniverso-sconfinato-di-daniela-montinaro-e-del-suo-ristorante-le-macare-di-alezio","status":"publish","type":"post","link":"https:\/\/www.oraviaggiando.it\/blog\/luniverso-sconfinato-di-daniela-montinaro-e-del-suo-ristorante-le-macare-di-alezio\/","title":{"rendered":"L&#8217;universo sconfinato di Daniela Montinaro e del suo ristorante Le Mac\u00e0re di Alezio"},"content":{"rendered":"\n<p>Continuando a viaggiare tra gli scenari bellissimi della nostra penisola (con la fantasia, certo, ma anche con la memoria gustativa) non ho potuto fare a meno di una sosta in Salento, da <strong>Daniela Montinaro<\/strong>, proprio lei, la Streghetta Superiora del <strong>ristorante Le Mac\u00e0re<\/strong>. Eternamente ed orgogliosamente a met\u00e0 strada fra esoterismo e gastronomia, fra nozioni di cultura agreste e di teoria del caos, fra poetica e folklore, Daniela anche questa volta ha fatto centro. Conquistandomi e portandomi nel suo universo interiore, un universo sconfinato seppure a km 0. Buona lettura.<\/p>\n\n\n\n<h3 class=\"wp-block-heading\">Ciao\nChef. Innanzitutto,come va? Che combini in quarantena? \n<\/h3>\n\n\n\n<p>Ciao Mario, finalmente riesco a risponderti! E&#8217; stata, quella passata, una settimana da tregenda: riorganizzare l&#8217;apertura con questa nuova dimensione del delivery e asporto non \u00e8 stato semplice.  <\/p>\n\n\n\n<h3 class=\"wp-block-heading\">Parliamo di casa tua. Ho letto sui social, qualche tempo fa, una tua ammissione tra il serio ed il faceto: pur avendo tempo (finalmente) di portare a termine dei lavori perennemente rinviati nel tempo, non hai voluto farli. Perch\u00e9 mai? Si tratta di noia o di una precisa volont\u00e0 di mantenere le cose in uno stato di creativit\u00e0?<\/h3>\n\n\n\n<p>Ho ristrutturato casa 8 anni fa. Nonostante questo ho ancora, soprattutto nei &#8221;locali di rappresentanza&#8221;, lampadine appese ad un filo e quadri poggiati qua e l\u00e0. Continuo a rimandare l\u2019acquisto di lampadari, e continuo a rinviare la scelta di piantare un chiodo nel muro. Sar\u00e0 che nella mia vita niente \u00e8 pi\u00f9 definitivo del provvisorio. La mia essenza evidentemente \u00e8 racchiusa in una lampadina attaccata ad uno spoglio filo elettrico.  <\/p>\n\n\n\n<h3 class=\"wp-block-heading\">Ci racconti da dove viene la tua passione per la cucina e quante volte ti sei dovuta reinventare?<\/h3>\n\n\n\n<p>La mia passione per la cucina risale all&#8217;infanzia. La mia prima torta l\u2019ho fatta che avr\u00f2 avuto 10 anni. Era una ciambella, me la ricordo ancora. Mia madre mi permetteva di usare la cucina a mio piacimento e questo \u00e8 stato fondamentale per poter coltivare la mia passione fin da ragazzina. Alcuni dei piatti pi\u00f9 rappresentativi de Le Mac\u00e0re sono retaggio della mia infanzia. C&#8217;\u00e8 una bellissima canzone di Gianmaria Testa, habanera, che recita &#8221;Quante vite hai fra quelle dita, una ti sfugge e la rincorri, \u00e8 gi\u00e0 passata&#8230;&#8221;. Bene, per me si tratta di un inno alla capacit\u00e0 di adattamento e alla necessit\u00e0 di reinventarsi che, devo ammettere, \u00e8 una delle mie pi\u00f9 spiccate caratteristiche.  <\/p>\n\n\n\n<h3 class=\"wp-block-heading\">Forse non tutti di te sanno che&#8230;<\/h3>\n\n\n\n<p>Sono una irriducibile romantica<\/p>\n\n\n\n<h3 class=\"wp-block-heading\">I tuoi anni  da adolescente sono stati turbolenti o sbaglio?<\/h3>\n\n\n\n<p>Uff&#8230; Un maschiaccio! Giocavo a biliardo nei bar del paese, (un mio fidanzato mi aveva anche regalato una dyko 2000 in alluminio) facevo radio &#8220;Atlantide rock&#8221;, organizzavo raduni di musica indie, ad <strong>Alezio<\/strong>, circa 40 anni fa&#8230; Immagina lo scenario&#8230; E poi ero sempre innamorata di qualcuno che non mi corrispondeva!<\/p>\n\n\n\n<h3 class=\"wp-block-heading\">Gramsci diceva che al pessimismo della ragione dobbiamo sforzarci di opporre l&#8217;ottimismo della volont\u00e0.  <\/h3>\n\n\n\n<p>Ha a che fare con la perseveranza. Per il raggiungimento di un obiettivo \u00e8 necessario pensare alla peggiore delle ipotesi per poter attingere a tutte le proprie risorse<\/p>\n\n\n\n<h3 class=\"wp-block-heading\">Da piccola cosa adoravi mangiare? Ed il piatto che ormai ti contraddistingue?<\/h3>\n\n\n\n<p>I dolci! Erano la mia pi\u00f9 grande passione. Mangiarli ma anche farli. Credo che il piatto pi\u00f9 simbolico delle Macare sia il pane e olio, ovvero il nostro benvenuto. Abbiamo sempre preparato in casa il pane da offrire ai nostri ospiti poich\u00e9 si tratta del punto di partenza per una ristorazione non spersonalizzata e di qualit\u00e0. Oggi possiamo vantare una carta dei pani e degli oli, mia figlia Stella ed io siamo degustatrici di olio e presto termineremo anche il corso ONAF, interrotto dalla pandemia.  <\/p>\n\n\n\n<h3 class=\"wp-block-heading\">Ora voglio i nomi. Se li hai, i nomi di 3 esempi, nel campo lavorativo &#8211; sociale &#8211; artistico  che ammiri profondamente.<\/h3>\n\n\n\n<p>\n1-\nMaria Cicorella<\/p>\n\n\n\n<p>\n2-\nPaolo Conte \n<\/p>\n\n\n\n<p>\n3-\nPeter Greenaway se la gioca con Kim Ki-duk<\/p>\n\n\n\n<h3 class=\"wp-block-heading\">Quanto conta l\u2019etica nella vita di un uomo? E l\u2019estetica?  Etica ed estetica sono in conflitto fra loro o tendono a completarsi?<\/h3>\n\n\n\n<p>E&#8217; necessaria per vivere bene con s\u00e9 stessi e gli altri. Anche l&#8217;estetica, sarebbe necessaria per una perfetta convivenza ma sappiamo bene come stanno le cose.<\/p>\n\n\n\n<h3 class=\"wp-block-heading\">Delineaci\nlo scenario attuale del mondo della ristorazione, messo in ginocchio\ndagli effetti economici del covid-19.<\/h3>\n\n\n\n<p>Per quel che mi riguarda, ho gi\u00e0 adottato dei cambiamenti. Dalla Scorsa settimana siamo ripartiti con asporto e delivery. Abbiamo riattivato la pizzeria per aiutarci. Sta funzionando. Faccio io le consegne e la cosa mi piace moltissimo. E piace molto a chi riceve il nostro cibo. Ci stiamo divertendo sebbene sia una dimensione del tutto nuova, con ritmi assolutamente diversi. Per quanto riguarda il futuro, bisogna aspettare per capire come andr\u00e0, quali saranno le norme, ecc. e soffrire per un po&#8217; e non perdere la speranza. Insomma, resistere.  <\/p>\n\n\n\n<figure class=\"wp-block-image size-large\"><img loading=\"lazy\" decoding=\"async\" width=\"845\" height=\"565\" src=\"https:\/\/www.oraviaggiando.it\/blog\/\/wp-content\/uploads\/2020\/05\/Team-le-macare-4.jpg\" alt=\"Staff Le Macare Alezio\" class=\"wp-image-4012\" srcset=\"https:\/\/www.oraviaggiando.it\/blog\/wp-content\/uploads\/2020\/05\/Team-le-macare-4.jpg 845w, https:\/\/www.oraviaggiando.it\/blog\/wp-content\/uploads\/2020\/05\/Team-le-macare-4-300x201.jpg 300w, https:\/\/www.oraviaggiando.it\/blog\/wp-content\/uploads\/2020\/05\/Team-le-macare-4-768x514.jpg 768w\" sizes=\"auto, (max-width: 845px) 100vw, 845px\" \/><\/figure>\n","protected":false},"excerpt":{"rendered":"<p>Continuando a viaggiare tra gli scenari bellissimi della nostra penisola (con la fantasia, certo, ma anche con la memoria gustativa) non ho potuto fare a meno di una sosta in Salento, da Daniela Montinaro, proprio lei, la Streghetta Superiora del ristorante Le Mac\u00e0re. Eternamente ed orgogliosamente a met\u00e0 strada fra esoterismo e gastronomia, fra nozioni [&hellip;]<\/p>\n","protected":false},"author":6,"featured_media":4010,"comment_status":"open","ping_status":"open","sticky":false,"template":"","format":"standard","meta":{"footnotes":""},"categories":[6,236,90,1],"tags":[265,264,263,266],"class_list":["post-4009","post","type-post","status-publish","format-standard","has-post-thumbnail","hentry","category-dove-mangiare","category-interviste","category-primo-piano","category-recensioni","tag-chef-intervista","tag-daniela-montinaro","tag-le-macare-alezio","tag-mario-pennelli-bolivar"],"_links":{"self":[{"href":"https:\/\/www.oraviaggiando.it\/blog\/wp-json\/wp\/v2\/posts\/4009","targetHints":{"allow":["GET"]}}],"collection":[{"href":"https:\/\/www.oraviaggiando.it\/blog\/wp-json\/wp\/v2\/posts"}],"about":[{"href":"https:\/\/www.oraviaggiando.it\/blog\/wp-json\/wp\/v2\/types\/post"}],"author":[{"embeddable":true,"href":"https:\/\/www.oraviaggiando.it\/blog\/wp-json\/wp\/v2\/users\/6"}],"replies":[{"embeddable":true,"href":"https:\/\/www.oraviaggiando.it\/blog\/wp-json\/wp\/v2\/comments?post=4009"}],"version-history":[{"count":1,"href":"https:\/\/www.oraviaggiando.it\/blog\/wp-json\/wp\/v2\/posts\/4009\/revisions"}],"predecessor-version":[{"id":4013,"href":"https:\/\/www.oraviaggiando.it\/blog\/wp-json\/wp\/v2\/posts\/4009\/revisions\/4013"}],"wp:featuredmedia":[{"embeddable":true,"href":"https:\/\/www.oraviaggiando.it\/blog\/wp-json\/wp\/v2\/media\/4010"}],"wp:attachment":[{"href":"https:\/\/www.oraviaggiando.it\/blog\/wp-json\/wp\/v2\/media?parent=4009"}],"wp:term":[{"taxonomy":"category","embeddable":true,"href":"https:\/\/www.oraviaggiando.it\/blog\/wp-json\/wp\/v2\/categories?post=4009"},{"taxonomy":"post_tag","embeddable":true,"href":"https:\/\/www.oraviaggiando.it\/blog\/wp-json\/wp\/v2\/tags?post=4009"}],"curies":[{"name":"wp","href":"https:\/\/api.w.org\/{rel}","templated":true}]}}