{"id":407,"date":"2010-02-12T00:00:00","date_gmt":"2010-02-12T00:00:00","guid":{"rendered":"https:\/\/www.oraviaggiando.it\/blog\/\/carnevale-di-fano-abbracciata-da-tanto-cioccolato-n74\/"},"modified":"2018-09-05T15:46:27","modified_gmt":"2018-09-05T13:46:27","slug":"carnevale-di-fano-abbracciata-da-tanto-cioccolato-n74","status":"publish","type":"post","link":"https:\/\/www.oraviaggiando.it\/blog\/carnevale-di-fano-abbracciata-da-tanto-cioccolato-n74\/","title":{"rendered":"Carnevale di Fano abbracciata da tanto cioccolato"},"content":{"rendered":"<div id=\"content\">\n<h1 style=\"display:none;\">Carnevale di Fano abbracciata da tanto cioccolato<\/h1>\n<p style=\"text-align: justify;\">\u201cUn\u2019edizione sobria ma improntata alla promozione turistica e con un programma ricco di iniziative di spessore\u201d. Cos\u00ec l\u2019assessore alle Attivit\u00e0 Produttive e Turismo Mirco Carloni ha introdotto la nuova edizione del Carnevale pi\u00f9 antico d\u2019Italia. \u201cEventi, momenti di promozione culturale, gastronomica e turistica saranno il cuore della manifestazione \u2013 ha ripreso Carloni- che quest\u2019anno \u00e8 abbinata alla Lotteria Nazionale. Nonostante il difficile momento, segnato dalla crisi economica grazie alla collaborazione di Carnevalesca, Ente Manifestazioni e di diverse associazioni fanesi il Carnevale pi\u00f9 antico d\u2019Italia manterr\u00e0 le sue peculiarit\u00e0, ed in pi\u00f9\u00a0 sar\u00e0 arricchito da tante novit\u00e0. Tra le tante, per la prima volta, in Piazza XX Settembre \u00e8 stata allestita\u00a0 la \u201cFesta del cioccolato\u201d con produttori di cioccolato artigianale provenienti da tutta Italia e con convegni sulle propriet\u00e0 alimentari e sulla storia del cioccolato. Il cioccolato, si sa, \u00e8 un prodotto che va oltre l&#8217;idea del semplice dolce: le sue propriet\u00e0 e le suggestioni millenarie che ruotano attorno ad esso ha spinto anche noi al piccolo tour gastronomico per vedere e gustare queste piccole opere d&#8217;arte in cacao. Baci perugina giganti, attrezzi da lavoro (pinze, martelli e bulloni) completamente in cioccolata, paste di mandorla o al pistacchio: \u00e8 cos\u00ec difficile resistere che abbiamo fatto acquisti al primo stand dove ci ha accolto Sergio Caruana, titolare della pasticceria tipica siciliana Caruana. Biscotteria di pasta di pura mandorla con ben 18 gusti diversi, cannoli e cassate, cioccolato alla cannella e al peperoncino, e, udite udite, l&#8217;indimenticabile \u201cvecchio\u201d Cremino. Non manca il famoso e ricercato cioccolato Modicano in tavoletta con un assortimento di ben 12 gusti, fra cui l&#8217;ultima novit\u00e0: il Modicano al nero d&#8217;avola. Piazza XX settembre, Fano.<\/p>\n<div id=\"date\" style=\"display:none;\">2010-02-12<\/div>\n<p><img decoding=\"async\" src=\"https:\/\/www.oraviaggiando.it\/blog\/\/wp-content\/uploads\/2010\/02\/big_foto_principale_1265983963_FANO_CARNEVALE_CIOCCOLATO.jpg\" align=\"left\" style=\"margin-right:20px;margin-bottom:20px;max-width:350px;\" alt=\"Carnevale di Fano abbracciata da tanto cioccolato\"\/><\/div>\n","protected":false},"excerpt":{"rendered":"<p>Carnevale di Fano abbracciata da tanto cioccolato \u201cUn\u2019edizione sobria ma improntata alla promozione turistica e con un programma ricco di iniziative di spessore\u201d. Cos\u00ec l\u2019assessore alle Attivit\u00e0 Produttive e Turismo Mirco Carloni ha introdotto la nuova edizione del Carnevale pi\u00f9 antico d\u2019Italia. \u201cEventi, momenti di promozione culturale, gastronomica e turistica saranno il cuore della manifestazione [&hellip;]<\/p>\n","protected":false},"author":1,"featured_media":0,"comment_status":"open","ping_status":"open","sticky":false,"template":"","format":"standard","meta":{"footnotes":""},"categories":[85],"tags":[],"class_list":["post-407","post","type-post","status-publish","format-standard","hentry","category-eventi"],"_links":{"self":[{"href":"https:\/\/www.oraviaggiando.it\/blog\/wp-json\/wp\/v2\/posts\/407","targetHints":{"allow":["GET"]}}],"collection":[{"href":"https:\/\/www.oraviaggiando.it\/blog\/wp-json\/wp\/v2\/posts"}],"about":[{"href":"https:\/\/www.oraviaggiando.it\/blog\/wp-json\/wp\/v2\/types\/post"}],"author":[{"embeddable":true,"href":"https:\/\/www.oraviaggiando.it\/blog\/wp-json\/wp\/v2\/users\/1"}],"replies":[{"embeddable":true,"href":"https:\/\/www.oraviaggiando.it\/blog\/wp-json\/wp\/v2\/comments?post=407"}],"version-history":[{"count":1,"href":"https:\/\/www.oraviaggiando.it\/blog\/wp-json\/wp\/v2\/posts\/407\/revisions"}],"predecessor-version":[{"id":497,"href":"https:\/\/www.oraviaggiando.it\/blog\/wp-json\/wp\/v2\/posts\/407\/revisions\/497"}],"wp:attachment":[{"href":"https:\/\/www.oraviaggiando.it\/blog\/wp-json\/wp\/v2\/media?parent=407"}],"wp:term":[{"taxonomy":"category","embeddable":true,"href":"https:\/\/www.oraviaggiando.it\/blog\/wp-json\/wp\/v2\/categories?post=407"},{"taxonomy":"post_tag","embeddable":true,"href":"https:\/\/www.oraviaggiando.it\/blog\/wp-json\/wp\/v2\/tags?post=407"}],"curies":[{"name":"wp","href":"https:\/\/api.w.org\/{rel}","templated":true}]}}