{"id":423,"date":"2010-01-28T00:00:00","date_gmt":"2010-01-28T00:00:00","guid":{"rendered":"https:\/\/www.oraviaggiando.it\/blog\/\/el-bulli-chiude-striscia-la-notizia-gongola-n70\/"},"modified":"2010-01-28T00:00:00","modified_gmt":"2010-01-28T00:00:00","slug":"el-bulli-chiude-striscia-la-notizia-gongola-n70","status":"publish","type":"post","link":"https:\/\/www.oraviaggiando.it\/blog\/el-bulli-chiude-striscia-la-notizia-gongola-n70\/","title":{"rendered":"El Bulli chiude &#8211; striscia la notizia gongola"},"content":{"rendered":"<div id=\"content\">\n<h1 style=\"display:none;\">El Bulli chiude &#8211; striscia la notizia gongola<\/h1>\n<p style=\"margin-bottom: 0cm; text-align: justify;\">MILANO \u2013 C&#8217;\u00e8 chi, per<br \/>\nun momento di riflessione, si prende qualche giorno o al massimo<br \/>\nqualche settimana. Ferran Adri\u00e0 no. A lui servono 2 anni.  E&#8217; di<br \/>\npoche ore fa la notizia ufficiale che Ferran Adri\u00e0, guru mondiale<br \/>\ndella cucina molecolare, ha deciso di chiudere per due anni il suo<br \/>\ncelebre El Bulli, acclamato cinque volte come miglior ristornate del<br \/>\npianeta e 3 stelle Michelin per tre anni consecutivi. Ufficialmente<br \/>\naveva dichiarato: \u00abHo bisogno di tempo per decidere come sar\u00e0 il<br \/>\n2014 &#8211; non saranno due anni sabbatici: ho bisogno di tempo per<br \/>\nriorganizzare il men\u00f9. Quando torner\u00f2 non sar\u00e0 pi\u00f9 come prima\u00bb.<br \/>\nApparentemente sembra una questione di stanchezza, stress o qualcosa<br \/>\ndel genereo mancanza di tempo per la fantasia: \u00abNel formato attuale<br \/>\ndi El Bulli \u00e8 impossibile continuare a creare\u00bb. Ci viene da pensare<br \/>\nche ha ragione&#8230; il suo lavoro \u00e8 massacrante: sono circa un milione<br \/>\nle persone che tentano ogni anno di prenotare e a malapena riesce a<br \/>\nsoddisfare 8.000 coperti; poi ci viene in mente che il suo ristorante<br \/>\n\u00e8 chiuso 6 mesi l&#8217;anno. E allora NO! Ferran ! Hai sei mesi l&#8217;anno<br \/>\nper riposarti, non \u00e8 giusto! Poi, un pensiero cattivo ma verosimile<br \/>\nci viene in mente:non sar\u00e0 che  l&#8217;inchiesta &#8220;Fornelli polemici&#8221;<br \/>\ncondotta dal Tg satirico Striscia la notizia abbia a che fare con<br \/>\nquesta decisione? Appare quanto meno strano che il cuoco pi\u00f9 famoso<br \/>\ndel mondo decida proprio ora di ritirarsi dopo che i servizi<br \/>\nrealizzati da Striscia hanno portato alla firma di un&#8217;ordinanza che<br \/>\nvieta l&#8217;utilizzo degli additivi chimici in qualsiasi ristorante<br \/>\nd&#8217;Italia. Alla decisione di Adri\u00e0 di chiudere i battenti per un<br \/>\nperiodo di riflessione, hanno forse contribuito anche critiche<br \/>\nricevute dai grandi chef ascoltati in questi mesi? Intervistati<br \/>\nproprio qualche giorno fa, cuochi di fama internazionale del calibro<br \/>\ndi Alain Passard, Olivier Roellinger e Joan Roca hanno criticato<br \/>\npesantemente la sua cucina. Avranno forse influito ulteriormente la<br \/>\nscelta di Adri\u00e0 le dichiarazioni dello chef Miguel S\u00e1nchez Romera<br \/>\nrilasciate ai microfoni di Max Laudadio in cui ha definito<br \/>\n&#8220;raccapricciante&#8221; la recente laurea honoris causa in<br \/>\nchimica assegnata dall&#8217; Universit\u00e0 di Barcellona al capostipite<br \/>\ndella cucina molecolare? Chi non avesse ancora provato la cucina del<br \/>\nristorante EL BULLI \u00e8 ancora in tempo e, nel caso non riusciste a<br \/>\nprenotare, in attesa del 2014, lo chef ha messo in vendita un kit di<br \/>\ningredienti e additivi per la cucina molecolare fatta in casa. Una di<br \/>\nquelle boiate da dare in pasto a poveri di spirito critico e poveri<br \/>\ndi materia grigia. In un modo o nell&#8217;altro Ferran Adri\u00e0 \u00e8, per\u00f2,<br \/>\nancora nella posizione di far parlar di s\u00e9. Bravo, almeno in questo.<\/p>\n<p style=\"text-align: justify;\">\u00a0<\/p>\n<div id=\"date\" style=\"display:none;\">2010-01-28<\/div>\n<\/div>\n","protected":false},"excerpt":{"rendered":"<p>El Bulli chiude &#8211; striscia la notizia gongola MILANO \u2013 C&#8217;\u00e8 chi, per un momento di riflessione, si prende qualche giorno o al massimo qualche settimana. Ferran Adri\u00e0 no. A lui servono 2 anni. E&#8217; di poche ore fa la notizia ufficiale che Ferran Adri\u00e0, guru mondiale della cucina molecolare, ha deciso di chiudere per [&hellip;]<\/p>\n","protected":false},"author":1,"featured_media":0,"comment_status":"open","ping_status":"open","sticky":false,"template":"","format":"standard","meta":{"footnotes":""},"categories":[85],"tags":[],"class_list":["post-423","post","type-post","status-publish","format-standard","hentry","category-eventi"],"_links":{"self":[{"href":"https:\/\/www.oraviaggiando.it\/blog\/wp-json\/wp\/v2\/posts\/423","targetHints":{"allow":["GET"]}}],"collection":[{"href":"https:\/\/www.oraviaggiando.it\/blog\/wp-json\/wp\/v2\/posts"}],"about":[{"href":"https:\/\/www.oraviaggiando.it\/blog\/wp-json\/wp\/v2\/types\/post"}],"author":[{"embeddable":true,"href":"https:\/\/www.oraviaggiando.it\/blog\/wp-json\/wp\/v2\/users\/1"}],"replies":[{"embeddable":true,"href":"https:\/\/www.oraviaggiando.it\/blog\/wp-json\/wp\/v2\/comments?post=423"}],"version-history":[{"count":0,"href":"https:\/\/www.oraviaggiando.it\/blog\/wp-json\/wp\/v2\/posts\/423\/revisions"}],"wp:attachment":[{"href":"https:\/\/www.oraviaggiando.it\/blog\/wp-json\/wp\/v2\/media?parent=423"}],"wp:term":[{"taxonomy":"category","embeddable":true,"href":"https:\/\/www.oraviaggiando.it\/blog\/wp-json\/wp\/v2\/categories?post=423"},{"taxonomy":"post_tag","embeddable":true,"href":"https:\/\/www.oraviaggiando.it\/blog\/wp-json\/wp\/v2\/tags?post=423"}],"curies":[{"name":"wp","href":"https:\/\/api.w.org\/{rel}","templated":true}]}}