{"id":437,"date":"2009-02-02T00:00:00","date_gmt":"2009-02-02T00:00:00","guid":{"rendered":"https:\/\/www.oraviaggiando.it\/blog\/\/identit-golose-2009-n17\/"},"modified":"2018-09-05T15:46:28","modified_gmt":"2018-09-05T13:46:28","slug":"identit-golose-2009-n17","status":"publish","type":"post","link":"https:\/\/www.oraviaggiando.it\/blog\/identit-golose-2009-n17\/","title":{"rendered":"Identit\u00e0 Golose 2009"},"content":{"rendered":"<div id=\"content\">\n<h1 style=\"display:none;\">Identit\u00e0 Golose 2009<\/h1>\n<p><strong>Tre parole<\/strong> \u2013 e una stessa <strong>lettera iniziale, la V<\/strong> &#8211; come sintesi dell\u2019impegno di chi cura il congresso: Verdure Vita Vent\u2019anni. Cos\u00ec inizia il manifesto 2009 di Paolo Marchi, ideatore e curatore di Identit\u00e0 golose, arrivata alla 5a edizione con un trinomio che non \u00e8 per nulla scontato. <strong>Verdure<\/strong> &#8211; e non cucina vegetariana &#8211; per andare oltre il dualismo tra carne e pesce, per affrontare con taglio goloso quanto ci arriva dagli orti, dai campi e anche dal mare. La V di <strong>Vita<\/strong> che con una doppia valenza sottolinea l&#8217;importanza della cultura del crudo, che viene prima di qualsiasi forma di cottura e di cucina cucinata, ma anche il mondo della salute, un benessere fisico e mentale sempre pi\u00f9 minacciato da allergie, malattie e stress come gi\u00e0 messo in evidenza nell\u2019edizione 2008. V di <strong>Vent\u2019anni<\/strong> infine perch\u00e9 il compito del critico deve essere anche quello di portare alla ribalta i giovani chef: questo \u00e8 sicuramente molto pi\u00f9 impegnativo che giudicare chi i premi e gli applausi li riceve da tempo. Complimenti a Paolo Marchi.<\/p>\n<p>Giovanni Mastropasqua.<\/p>\n<p><strong>I relatori della manifestazione<\/strong>:<\/p>\n<p><!--\n\t\t@page { margin: 2cm }\n\t\tP { margin-bottom: 0.21cm }\n\t--><\/p>\n<p>Ferran Adri\u00e0<br \/>\nRiccardo Agostini<br \/>\nInaki Aizpitarte<br \/>\nMassimiliano Alajmo<br \/>\nJosean Martinez Alija<br \/>\nJuan Mar\u00ec e Elena Arzak<br \/>\nMohammad Hashim Aslami<br \/>\nCorrado Assenza<br \/>\nAlex Atala<br \/>\nStefano Baiocco<br \/>\nOriol Balaguer<br \/>\nPascal Barbot<br \/>\nEnrico Bartolini<br \/>\nFr\u00e9d\u00e9ric Bau<br \/>\nMichele Biagiola<br \/>\nMassimo Bottura<br \/>\nRenata Braune<br \/>\nThierry Bridron<br \/>\nCarmine Cal\u00f2<br \/>\nAlfonso Caputo<br \/>\nDavid Capy<br \/>\nFranco Cazzamali<br \/>\nMoreno Cedroni<br \/>\nAlain Chartier<br \/>\nJ\u00e9r\u00f4me Chaucesse<br \/>\nFranco Chialva<br \/>\nSergio Colalucci<br \/>\nIgles Corelli<br \/>\nAngelo Corvitto<br \/>\nChristian e Manuel Costardi<br \/>\nCarlo Cracco<br \/>\nPietro D&#8217;Agostino<br \/>\nQuique Dacosta<br \/>\nAurelio Damiani<br \/>\nSang Hoon Degeimbre<br \/>\nSergio Dondoli<br \/>\nMarcus Eaves<br \/>\nLoretta Fanella<br \/>\nGian Luca Fusto<br \/>\nPhilippe Givre<br \/>\nCarlo e Giovanni Guffanti Fiori<br \/>\nPierre Herm\u00e9<br \/>\nJean-Marie Hiblot<br \/>\nLuca Landi<br \/>\nWilliam Ledeuil<br \/>\nPietro Leemann<br \/>\nCamille Lesecq<br \/>\nPhilippe L\u00e9veill\u00e9<br \/>\nPaolo Lopriore<br \/>\nAndrea Menichetti<br \/>\nIvano Mestriner<br \/>\nDavide Oldani<br \/>\nSonja Peric<br \/>\nMauro Petrini<br \/>\nValeria Piccini<br \/>\nJean-Fran\u00e7ois Pi\u00e8g\u00e8<br \/>\nLucio Pompili<br \/>\nRen\u00e9 Redzepi<br \/>\nEmmanuel Renaut Joan,<br \/>\nJosep e Jordi Roca<br \/>\nNiko Romito<br \/>\nFabio Rossi<br \/>\nJeremie Runel<br \/>\nMaria Jos\u00e8 San Roman<br \/>\nEmanuele Scarello<br \/>\nFrancesco Sposito<br \/>\nGiancarlo Timballo<br \/>\nMauro Uliassi<br \/>\nAndrea Zanin<br \/>\nPietro Zito<\/p>\n<p>\u00a0<\/p>\n<p><!--\n\t\t@page { margin: 2cm }\n\t\tP { margin-bottom: 0.21cm }\n\t--><\/p>\n<p><strong>i ristoranti del fuori congresso 2009<\/strong><\/p>\n<p>Milano d&#8217;autore Al Pont de Ferr, Maida Mercuri e Matias Perdomo in ripa di Porta Ticinese 55 a Milano, telefono 02.89406277<\/p>\n<p>\u00a0<\/p>\n<p>Alice, Viviana Varese in via Adige 9 a Milano, telefono 02.5462930<\/p>\n<p>\u00a0<\/p>\n<p>Bulgari, Elio Sironi in via Privata Fratelli Gabba 7b a Milano, telefono 02.805805233<\/p>\n<p>\u00a0<\/p>\n<p>Cracco, Carlo Cracco in via Victor Hugo 4 a Milano, telefono 02.876774<\/p>\n<p>\u00a0<\/p>\n<p>D&#8217;O, Davide Oldani in localit\u00e0 San Pietro all\u2019Olmo a Cornaredo (Milano), telefono 02.9362209<\/p>\n<p>\u00a0<\/p>\n<p>Il Liberty, Andrea Provenzani in via Monte Grappa 6 a Milano, telefono 02.29011439<\/p>\n<p>\u00a0<\/p>\n<p>Il Luogo di Aimo e Nadia, Aimo e Nadia Moroni in via Montecuccoli 6 a Milano, telefono 02.416886<\/p>\n<p>Innocenti Evasioni, Eros Picco e Tommaso Arrigoni in via privata della Bindellina a Milano, telefono 02.33001882<\/p>\n<p>\u00a0<\/p>\n<p>Joia, Pietro Leemann in via Panfilo Castaldi 18 a Milano, telefono 02.29522124<\/p>\n<p>\u00a0<\/p>\n<p>La Brisa, Antonio Facciolo in via della Brisa 15 a Milano, telefono 02.86450521<\/p>\n<p>\u00a0<\/p>\n<p>Manna, Matteo Fronduti in piazzale Governo Provvisorio 6 a Milano, telefono 02.26809153<\/p>\n<p>\u00a0<\/p>\n<p>Nicola Cavallaro, Nicola Cavallaro in Via Lodovico il Moro 11 a Milano, telefono 02.89126060<\/p>\n<p>\u00a0<\/p>\n<p>Pane e Acqua, Francesco Passalacqua, via Matteo Bandello 14 a Milano, telefono 02.48198622<\/p>\n<p>\u00a0<\/p>\n<p>Sadler, Claudio Sadler in via Ascanio Sforza 77 a Milano, telefono 02.58104451<\/p>\n<p>Sempione 42, Andrea Alfieri e Roberta Zulian in corso Sempione 42 a Milano, telefono 02.317849<\/p>\n<p>\u00a0<\/p>\n<p>The Park, Filippo Gozzoli e Galileo Reposo in via Silvio Pellico a Milano, telefono 02.88211234<\/p>\n<p>\u00a0<\/p>\n<p>Tim\u00e8, Patrizia Maraviglia in via San Marco 5, Zona Brera a Milano, telefono 02.29061051<\/p>\n<p>\u00a0<\/p>\n<p>Trussardi alla Scala, Andrea Berton in piazza della Scala 5 a Milano, telefono 02.80688201<\/p>\n<p>\u00a0<\/p>\n<p>Zero, Chef Hidekazu Shinohara in corso Magenta 87 a Milano, telefono 02.45474733<\/p>\n<p>la tradizione a MilanoAl Tronco, Anna Arrigoni e Alfredo Zini in via Thaon di Revel 10 a Milano, telefono 02.606072<\/p>\n<p>\u00a0<\/p>\n<p>Brasera Meneghina, Santarosa Toffanello in via Ausonio 23 a Milano, telefono 02.58109204<\/p>\n<p>\u00a0<\/p>\n<p>La Brioschina, Edoardo Ruggiero in piazza Carrara 21 a Milano, telefono 02.89501177<\/p>\n<p>Masuelli San Marco, Pino, Tina e Massimiliano Masuelli in viale Umbria 80 a Milano, telefono 02.55184138<\/p>\n<p>\u00a0<\/p>\n<p>Osteria I Valtellina, Lino Manfredi e Tina Colombo in via Taverna 34 a Milano, telefono 02.7561139<\/p>\n<p>\u00a0<\/p>\n<p>Trattoria degli Orti, Giorgio Bedeschi in via Monviso 13 a Milano, telefono 02.33101800<\/p>\n<p>Trattoria del Nuovo Macello, Giovanni Traversone e Marco Tronconi in via Cesare Lombroso 20 a Milano, telefono 02.59902122<\/p>\n<p>\u00a0<\/p>\n<p>Trattoria la Pesa, Fabio Paolini in via Fantoni 26 a Milano, telefono 02.4035907<\/p>\n<p>\u00a0<\/p>\n<p>Trattoria Milanese, Giuseppe Villa in via Santa Marta 11 a Milano, telefono 02.86451991<\/p>\n<p>bont\u00e0 fuori MilanoAntica Osteria del Ponte, in piazza G. Negri 9 a Cassinetta di Lugagnano (Mi), telefono 02.9420034<\/p>\n<p>\u00a0<\/p>\n<p>Antica Trattoria del Gallo, in via J.F. Kennedy 1 in localit\u00e0 Vigano Certosino a Gaggiano (Mi), telefono 02.9085276<\/p>\n<p>\u00a0<\/p>\n<p>Bacco e Arianna, in via Circonvallazione 1 a Trezzano sul Naviglio (Mi), telefono 02.48403895<\/p>\n<p>\u00a0<\/p>\n<p>Da Orlando, in piazza Soncino 19 a Cusago (Mi), telefono 02.90390318<\/p>\n<p>Due Spade, in via delle Filerine 2a a Cernusco sul Naviglio (Mi), telefono 02.9249200<\/p>\n<p>\u00a0<\/p>\n<p>I Castagni, in via Ottobiano 8\/20 a Vigevano (Pv), telefono 0381.42860<\/p>\n<p>\u00a0<\/p>\n<p>L&#8217;Arsenale, in via Geppino Conti 8 a Cavenago d&#8217;Adda (Lo), telefono 0371.709086<\/p>\n<p>\u00a0<\/p>\n<p>La Corte, in via C. Chiesa 36 a Pogliano Milanese (Mi), telefono 02.93258018<\/p>\n<p>La Lucanda del Devero Hotel, in largo Kennedy 1 a Cavenago di Brianza (Mi), telefono 02.95335268<\/p>\n<p>\u00a0<\/p>\n<p>\u00a0<\/p>\n<p>\u00a0<\/p>\n<p>\u00a0<\/p>\n<div id=\"date\" style=\"display:none;\">2009-02-02<\/div>\n<p><img decoding=\"async\" src=\"https:\/\/www.oraviaggiando.it\/blog\/\/wp-content\/uploads\/2009\/02\/big_foto_principale_1233611504_logo-identita-golose2.jpg\" align=\"left\" style=\"margin-right:20px;margin-bottom:20px;max-width:350px;\" alt=\"Identit\u00e0 Golose 2009\"\/><\/div>\n","protected":false},"excerpt":{"rendered":"<p>Identit\u00e0 Golose 2009 Tre parole \u2013 e una stessa lettera iniziale, la V &#8211; come sintesi dell\u2019impegno di chi cura il congresso: Verdure Vita Vent\u2019anni. Cos\u00ec inizia il manifesto 2009 di Paolo Marchi, ideatore e curatore di Identit\u00e0 golose, arrivata alla 5a edizione con un trinomio che non \u00e8 per nulla scontato. Verdure &#8211; e [&hellip;]<\/p>\n","protected":false},"author":1,"featured_media":0,"comment_status":"open","ping_status":"open","sticky":false,"template":"","format":"standard","meta":{"footnotes":""},"categories":[85],"tags":[],"class_list":["post-437","post","type-post","status-publish","format-standard","hentry","category-eventi"],"_links":{"self":[{"href":"https:\/\/www.oraviaggiando.it\/blog\/wp-json\/wp\/v2\/posts\/437","targetHints":{"allow":["GET"]}}],"collection":[{"href":"https:\/\/www.oraviaggiando.it\/blog\/wp-json\/wp\/v2\/posts"}],"about":[{"href":"https:\/\/www.oraviaggiando.it\/blog\/wp-json\/wp\/v2\/types\/post"}],"author":[{"embeddable":true,"href":"https:\/\/www.oraviaggiando.it\/blog\/wp-json\/wp\/v2\/users\/1"}],"replies":[{"embeddable":true,"href":"https:\/\/www.oraviaggiando.it\/blog\/wp-json\/wp\/v2\/comments?post=437"}],"version-history":[{"count":1,"href":"https:\/\/www.oraviaggiando.it\/blog\/wp-json\/wp\/v2\/posts\/437\/revisions"}],"predecessor-version":[{"id":513,"href":"https:\/\/www.oraviaggiando.it\/blog\/wp-json\/wp\/v2\/posts\/437\/revisions\/513"}],"wp:attachment":[{"href":"https:\/\/www.oraviaggiando.it\/blog\/wp-json\/wp\/v2\/media?parent=437"}],"wp:term":[{"taxonomy":"category","embeddable":true,"href":"https:\/\/www.oraviaggiando.it\/blog\/wp-json\/wp\/v2\/categories?post=437"},{"taxonomy":"post_tag","embeddable":true,"href":"https:\/\/www.oraviaggiando.it\/blog\/wp-json\/wp\/v2\/tags?post=437"}],"curies":[{"name":"wp","href":"https:\/\/api.w.org\/{rel}","templated":true}]}}