{"id":438,"date":"2010-03-02T00:00:00","date_gmt":"2010-03-02T00:00:00","guid":{"rendered":"https:\/\/www.oraviaggiando.it\/blog\/\/identita-di-liberta-san-marino-n78\/"},"modified":"2018-09-05T15:46:29","modified_gmt":"2018-09-05T13:46:29","slug":"identita-di-liberta-san-marino-n78","status":"publish","type":"post","link":"https:\/\/www.oraviaggiando.it\/blog\/identita-di-liberta-san-marino-n78\/","title":{"rendered":"Identita&#8217; di Liberta&#8217; &#8211; San Marino"},"content":{"rendered":"<div id=\"content\">\n<h1 style=\"display:none;\">Identita&#8217; di Liberta&#8217; &#8211; San Marino<\/h1>\n<p style=\"text-align: justify;\">Identit\u00e0 di Libert\u00e0 &#8211; Centro Congressi Kursaal &#8211; San Marino<\/p>\n<p> Conclusa, ieri pomeriggio, la prima edizione sammarinese di Identit\u00e0 di<br \/>\nLibert\u00e0, esperimento ben riuscito di un format preso in prestito dalla<br \/>\npi\u00f9 ben avviata rassegna milanese (identit\u00e0 golose) declinato sui<br \/>\nvalori di fedelt\u00e0 e libert\u00e0, simboli che da sempre trovano casa in<br \/>\nquesta antichissima repubblica. Anche se in versione pi\u00f9 casereccia,<br \/>\nIdentit\u00e0 di Libert\u00e0 ha avuto il suo &#8220;perch\u00e8&#8221; anche grazie alla genuina<br \/>\npassione del giornalista Paolo Marchi: Marchi osserva, domanda,<br \/>\nassaggia e dubita proprio come se stesse a tavola con amici, con la<br \/>\ncuriosit\u00e0 e la voglia di capire di un bambino. La forza di queste<br \/>\nrassegne condotte ed ideate da Marchi sono straordinarie per questo: il<br \/>\nsuo impulso inarrestabile di &#8220;voler conoscere&#8221;, amalgamatao alla forza<br \/>\ndi tutto ci\u00f2 che ha conosciuto gi\u00e0, non fanno altro che impreziosire il<br \/>\nbagaglio culturale di chi lo ascolta. Un critico nuovo, capace di non<br \/>\nessere mai partigiano di una scuola di pensiero, ma anzi, consapevole<br \/>\nche non esiste il futuro senza il presente ed il passato. Lui stesso<br \/>\ndice &#8220;La storia dell\u2019uomo \u00e8 una storia di movimenti e di novit\u00e0. Tante<br \/>\ncertezze della nostra alimentazione erano sconosciute non solo ai<br \/>\nRomani, ma lo furono ben oltre la scoperta dell\u2019America perch\u00e9, ad<br \/>\nesempio, patate e pomodoro non divennero subito popolari, tanto meno lo<br \/>\nfurono piatti-simbolo come la pizza e la pasta al pomodoro. Non sono<br \/>\noriginari del Vecchio Continente nemmeno t\u00e8 e caff\u00e8 al pari del foie<br \/>\ngras che, per quanto millenario, \u00e8 un dono dell\u2019Egitto dei Faraoni,<br \/>\narrivato a noi grazie agli Antichi Romani. Per non tacere di quanto ha<br \/>\ninfluenzato la cucina moderno-contemporanea l\u2019intuizione\/invenzione del<br \/>\nfrigorifero a met\u00e0 dell\u2019Ottocento, ben pi\u00f9 della Nouvelle Cuisine<br \/>\ncentovent\u2019anni dopo.&#8221;.\u00a0 Identit\u00e0 di Libert\u00e0\u00a0 pone la \u201clibert\u00e0 come<br \/>\nconcetto guida, da evolvere in tutte le declinazioni legate al mangiare<br \/>\nconsapevole. San Marino \u00e8 da sempre una Repubblica libera, che non<br \/>\neleva dogmi a verit\u00e0 e che, proprio per questo,\u00a0 luogo dove si possono<br \/>\npresentare cose diverse, sperimentali .\u00a0 Momenti in contrapposizione<br \/>\nintelligente tra loro, momenti di confronto non per arrivare a<br \/>\nstabilire cosa \u00e8 pi\u00f9 buono, ma cosa di migliore si pu\u00f2 ottenere da<br \/>\nprodotti, culture e persone di differenzi Paesi e costumi, con<br \/>\nun\u2019attenzione particolare a quelle eccellenze che contraddistinguono<br \/>\nrealt\u00e0 circoscritte, poco estese ma pregne di concetti, attivit\u00e0,<br \/>\nambizioni, assimilabili per dimensioni alla stessa San Marino. L&#8217;anno prossimo si spera venga ripetuto; il nostro appello \u00e8 quello di fare un po&#8217; di promozione in pi\u00f9.<\/p>\n<div id=\"date\" style=\"display:none;\">2010-03-02<\/div>\n<p><img decoding=\"async\" src=\"https:\/\/www.oraviaggiando.it\/blog\/\/wp-content\/uploads\/2010\/03\/big_foto_principale_1267513454_identita-di-liberta.jpg\" align=\"left\" style=\"margin-right:20px;margin-bottom:20px;max-width:350px;\" alt=\"Identita' di Liberta' - San Marino\"\/><\/div>\n","protected":false},"excerpt":{"rendered":"<p>Identita&#8217; di Liberta&#8217; &#8211; San Marino Identit\u00e0 di Libert\u00e0 &#8211; Centro Congressi Kursaal &#8211; San Marino Conclusa, ieri pomeriggio, la prima edizione sammarinese di Identit\u00e0 di Libert\u00e0, esperimento ben riuscito di un format preso in prestito dalla pi\u00f9 ben avviata rassegna milanese (identit\u00e0 golose) declinato sui valori di fedelt\u00e0 e libert\u00e0, simboli che da sempre [&hellip;]<\/p>\n","protected":false},"author":1,"featured_media":0,"comment_status":"open","ping_status":"open","sticky":false,"template":"","format":"standard","meta":{"footnotes":""},"categories":[85],"tags":[],"class_list":["post-438","post","type-post","status-publish","format-standard","hentry","category-eventi"],"_links":{"self":[{"href":"https:\/\/www.oraviaggiando.it\/blog\/wp-json\/wp\/v2\/posts\/438","targetHints":{"allow":["GET"]}}],"collection":[{"href":"https:\/\/www.oraviaggiando.it\/blog\/wp-json\/wp\/v2\/posts"}],"about":[{"href":"https:\/\/www.oraviaggiando.it\/blog\/wp-json\/wp\/v2\/types\/post"}],"author":[{"embeddable":true,"href":"https:\/\/www.oraviaggiando.it\/blog\/wp-json\/wp\/v2\/users\/1"}],"replies":[{"embeddable":true,"href":"https:\/\/www.oraviaggiando.it\/blog\/wp-json\/wp\/v2\/comments?post=438"}],"version-history":[{"count":1,"href":"https:\/\/www.oraviaggiando.it\/blog\/wp-json\/wp\/v2\/posts\/438\/revisions"}],"predecessor-version":[{"id":515,"href":"https:\/\/www.oraviaggiando.it\/blog\/wp-json\/wp\/v2\/posts\/438\/revisions\/515"}],"wp:attachment":[{"href":"https:\/\/www.oraviaggiando.it\/blog\/wp-json\/wp\/v2\/media?parent=438"}],"wp:term":[{"taxonomy":"category","embeddable":true,"href":"https:\/\/www.oraviaggiando.it\/blog\/wp-json\/wp\/v2\/categories?post=438"},{"taxonomy":"post_tag","embeddable":true,"href":"https:\/\/www.oraviaggiando.it\/blog\/wp-json\/wp\/v2\/tags?post=438"}],"curies":[{"name":"wp","href":"https:\/\/api.w.org\/{rel}","templated":true}]}}