{"id":452,"date":"2010-06-21T00:00:00","date_gmt":"2010-06-21T00:00:00","guid":{"rendered":"https:\/\/www.oraviaggiando.it\/blog\/\/la-nutella-favorisce-lobesit-etichette-future-n92\/"},"modified":"2018-09-05T15:46:30","modified_gmt":"2018-09-05T13:46:30","slug":"la-nutella-favorisce-lobesit-etichette-future-n92","status":"publish","type":"post","link":"https:\/\/www.oraviaggiando.it\/blog\/la-nutella-favorisce-lobesit-etichette-future-n92\/","title":{"rendered":"La Nutella favorisce l&#8217;obesit\u00e0 etichette future"},"content":{"rendered":"<div id=\"content\">\n<h1 style=\"display:none;\">La Nutella favorisce l&#8217;obesit\u00e0 etichette future<\/h1>\n<p style=\"text-align:justify\">Immaginate un barattolo di Nutella con la scritta &#8221;favorisce l&#8217;obesit\u00e0&#8221;. Questo potrebbe presto succedere alla famosissima cioccolata spalmabile della Ferrero se la Comunit\u00e0 Europea proseguir\u00e0 il proprio cammino verso l&#8217;obbligo di etichette pi\u00f9 chiare sui prodotti alilmentari.Le polemiche non si sono fatte attendere, ma non tanto per la sacrosanta e opportuna legge che finalmente render\u00e0 pi\u00f9 facile acquistare in modo consapevole, ma perch\u00e8 Nutella \u00e8 un prodotto cult, che \u00e8 sempre stato presente nelle credenze di tutte le case del mondo. Il vicepresidente del Gruppo Ferrero che produce la Nutella, Paolo Fulci, in una nota richiama l&#8217;attenzione &#8220;sui rischi di un approccio che nel tempo potrebbe portare a condizionare persino le abitudini e gli aspetti pi\u00f9 intimi della sfera privata, come i piaceri pi\u00f9 sani e genuini che ci tramandiamo da generazioni&#8221;.In ogni modo la proposta, sostenuta fortemente dal centro sinistra, non \u00e8 stata approvata da parte di alcuni paesi europei tra cui Italia, Francia, Spagna e Grecia.A parte Nutella, per\u00f2, ci sono grandi multinazionali che si stanno mobilitando per non finire nella rete dell&#8217;etichetta parlante tanto che si vocifera un investimento di 1 miliardo di euro per evitare discriminazioni tra buoni e cattivi.<\/p>\n<div id=\"date\" style=\"display:none;\">2010-06-21<\/div>\n<p><img decoding=\"async\" src=\"https:\/\/www.oraviaggiando.it\/blog\/\/wp-content\/uploads\/2010\/06\/la-nutella-favorisce-lobesita-etichette-future-92.jpg\" align=\"left\" style=\"margin-right:20px;margin-bottom:20px;max-width:350px;\" alt=\"La Nutella favorisce l'obesit\u00e0 etichette future\"\/><\/div>\n","protected":false},"excerpt":{"rendered":"<p>La Nutella favorisce l&#8217;obesit\u00e0 etichette future Immaginate un barattolo di Nutella con la scritta &#8221;favorisce l&#8217;obesit\u00e0&#8221;. Questo potrebbe presto succedere alla famosissima cioccolata spalmabile della Ferrero se la Comunit\u00e0 Europea proseguir\u00e0 il proprio cammino verso l&#8217;obbligo di etichette pi\u00f9 chiare sui prodotti alilmentari.Le polemiche non si sono fatte attendere, ma non tanto per la sacrosanta [&hellip;]<\/p>\n","protected":false},"author":1,"featured_media":0,"comment_status":"open","ping_status":"open","sticky":false,"template":"","format":"standard","meta":{"footnotes":""},"categories":[85],"tags":[],"class_list":["post-452","post","type-post","status-publish","format-standard","hentry","category-eventi"],"_links":{"self":[{"href":"https:\/\/www.oraviaggiando.it\/blog\/wp-json\/wp\/v2\/posts\/452","targetHints":{"allow":["GET"]}}],"collection":[{"href":"https:\/\/www.oraviaggiando.it\/blog\/wp-json\/wp\/v2\/posts"}],"about":[{"href":"https:\/\/www.oraviaggiando.it\/blog\/wp-json\/wp\/v2\/types\/post"}],"author":[{"embeddable":true,"href":"https:\/\/www.oraviaggiando.it\/blog\/wp-json\/wp\/v2\/users\/1"}],"replies":[{"embeddable":true,"href":"https:\/\/www.oraviaggiando.it\/blog\/wp-json\/wp\/v2\/comments?post=452"}],"version-history":[{"count":1,"href":"https:\/\/www.oraviaggiando.it\/blog\/wp-json\/wp\/v2\/posts\/452\/revisions"}],"predecessor-version":[{"id":525,"href":"https:\/\/www.oraviaggiando.it\/blog\/wp-json\/wp\/v2\/posts\/452\/revisions\/525"}],"wp:attachment":[{"href":"https:\/\/www.oraviaggiando.it\/blog\/wp-json\/wp\/v2\/media?parent=452"}],"wp:term":[{"taxonomy":"category","embeddable":true,"href":"https:\/\/www.oraviaggiando.it\/blog\/wp-json\/wp\/v2\/categories?post=452"},{"taxonomy":"post_tag","embeddable":true,"href":"https:\/\/www.oraviaggiando.it\/blog\/wp-json\/wp\/v2\/tags?post=452"}],"curies":[{"name":"wp","href":"https:\/\/api.w.org\/{rel}","templated":true}]}}