{"id":471,"date":"2009-08-24T00:00:00","date_gmt":"2009-08-24T00:00:00","guid":{"rendered":"https:\/\/www.oraviaggiando.it\/blog\/\/primo-festival-meridionale-delle-piccole-vigne-n51\/"},"modified":"2009-08-24T00:00:00","modified_gmt":"2009-08-24T00:00:00","slug":"primo-festival-meridionale-delle-piccole-vigne-n51","status":"publish","type":"post","link":"https:\/\/www.oraviaggiando.it\/blog\/primo-festival-meridionale-delle-piccole-vigne-n51\/","title":{"rendered":"Primo Festival meridionale delle piccole Vigne"},"content":{"rendered":"<div id=\"content\">\n<h1 style=\"display:none;\">Primo Festival meridionale delle piccole Vigne<\/h1>\n<p style=\"margin-bottom: 0cm; text-align: justify;\">A Castelvenere nel Sannio, secondo le<br \/>\nstatistiche il Comune con la pi\u00f9 elevata superficie a vigneto di<br \/>\ntutta la Campania, venerd\u00ec 28 agosto, a partire della 19,<br \/>\nnell&#8217;ambito della Festa del Vino (che proseguir\u00e0 sino al 30 agosto)<br \/>\nsi svolger\u00e0 una iniziativa assolutamente innovativa per il Sud.<\/p>\n<p style=\"margin-bottom: 0cm; text-align: justify;\">Da un&#8217;idea del giornalista napoletano<br \/>\nLuciano Pignataro (www.lucianopignataro.it) coordinata tecnicamente<br \/>\nda Mauro Erro, wine blogger<br \/>\n(http:\/\/ilviandantebevitore.blogspot.com\/) e collaboratore<br \/>\ndell&#8217;<strong>A.I.S. Napoli<\/strong>, nasce <strong>Grandi Vini da Piccole Vigne, Primo<br \/>\nFestival meridionale delle piccole Vigne<\/strong>, manifestazione nel corso<br \/>\ndella quale, per la prima volta sar\u00e0 possibile conoscere alcuni dei<br \/>\nprotagonisti della profonda rivoluzione vitivinicola in corso nelle<br \/>\ncampagne meridionali: tante storie da ascoltare e vini da bere, fuori<br \/>\nda ogni omologazione, spunti per il palato, curiosit\u00e0 della mente.<\/p>\n<p style=\"margin-bottom: 0cm; text-align: justify;\">Spostandosi dall&#8217;isola di Ponza al<br \/>\nVulture, passando per la viticoltura estrema del Cilento e della<br \/>\nCosta d&#8217;Amalfi, e poi transitando per l&#8217;Irpinia, il Casertano con il<br \/>\nFalerno e un pizzico di Puglia, di scena i diversi volti<br \/>\ndell&#8217;attaccamento alla terra di giovani, professionisti che hanno<br \/>\ncambiato vita, autentici contadini. I loro vini non hanno la<br \/>\npresunzione di poter essere i vini pi\u00f9 buoni, ma sicuramente vini<br \/>\nunici, che raccontano storie e territori unici.<\/p>\n<p style=\"margin-bottom: 0cm; text-align: justify;\">Una grande occasione, il 28 agosto, per<br \/>\nconoscerli tutti insieme, visto che molti di loro difficilmente<br \/>\nfrequentano degustazioni pubbliche. L&#8217;iniziativa ha l&#8217;ambizione di<br \/>\ndiventare un punto di riferimento per chi crede nella biodiversit\u00e0<br \/>\ncolturale e antropologica: dalle piccole vigne di Napoli, una delle<br \/>\nmetropoli pi\u00f9 antiche del mondo, al silenzio senza allacciamento<br \/>\nEnel di Punta Licosa nel Cilento.<\/p>\n<p style=\"margin-bottom: 0cm; text-align: justify;\">La rassegna sar\u00e0 preceduta dalla<br \/>\ndegustazione intitolata &#8220;Un viaggio rosso: 2004-1998&#8221; con<br \/>\nil Taurasi di Contrade di Taurasi, una piccola vigna gi\u00e0 famosa,<br \/>\ncondotta da Mauro Erro, il fiduciario dell&#8217;Ais Napoli Tommaso Luongo<br \/>\ne il giornalista Antonio Paolini con l&#8217;enologo Maurizio De Simone.<\/p>\n<p style=\"margin-bottom: 0cm; text-align: justify;\">Dalle 19 sar\u00e0 la volta del banco di<br \/>\nassaggio con le seguenti aziende:<\/p>\n<p style=\"margin-bottom: 0cm; text-align: justify;\">Agricola San Giovanni (Castellabate,<br \/>\nCilento), Bianchini Rossetti (Casale di Carinola, Ager Falernum),<br \/>\nBrunigi Galco (Cascano, Ager Falernum), Carlo Zannini (Falciano del<br \/>\nMassico, Ager Falernum), Cantine dell&#8217;Angelo (Tufo, Irpinia), Cantina<br \/>\nGiardino (Ariano Irpino), Capizzi (Piedimonte di Sessa Aurunca, Ager<br \/>\nFalernum), Centrella (Torrini, Irpinia), Eleano (Rionero in Vulture,<br \/>\nLucania), Il Cancelliere (Montemarano, Irpinia), Le Vigne di Raito<br \/>\n(Raito, Costa d&#8217;Amalfi), Michele La Luce (Ginestra, Lucania), Monte<br \/>\ndi Grazia (Tramonti, Costa d&#8217;Amalfi), Musto-Carmelitano (Maschito,<br \/>\nLucania), Paonessa (Sessa Aurunca, Ager Falernum), Raffaele Moccia<br \/>\n(Agnano, Napoli), Regina Viarum (Falciano del Massico, Ager<br \/>\nFalernum), Taffuri Pouchan (Ponza), Trabucco (Carinola, Ager<br \/>\nFalernum), Varriale (Posillipo, Napoli), Volpara (Sessa Aurunca, Ager<br \/>\nFalernum), Zullo (Orsara di Puglia).<\/p>\n<p style=\"margin-bottom: 0cm; text-align: justify;\">Contestualmente alla manifestazione,<br \/>\nnell&#8217;ambito della Festa del Vino, nel corso della mattinata si<br \/>\nsvolger\u00e0 il concorso riservato ai vitigni autoctoni nel Sannio (Coda<br \/>\ndiVolpe, Barbera del Sannio e Piedirosso), seguita dal seminario sui<br \/>\ndiversi volti della Falanghina sannita secondo l&#8217;enologo Enzo<br \/>\nMercurio, in programma al ristorante Kresios.<\/p>\n<p style=\"margin-bottom: 0cm; text-align: justify;\">Nella piazza centrale del paese, oltre<br \/>\nalle Piccole Vigne, dal venerd\u00ec alla domenica in esposizione i venti<br \/>\nproduttori di Castelvenere, altro esempio di biodiversit\u00e0 e variet\u00e0<br \/>\ndi impegno produttivo.<\/p>\n<p style=\"margin-bottom: 0cm; text-align: justify;\">L&#8217;ingresso alla manifestazione \u00e8<br \/>\nlibero.<\/p>\n<p style=\"margin-bottom: 0cm; text-align: justify;\">Per la prenotazione alla degustazione<br \/>\ndi Contrade di Taurasi, che si terr\u00e0 alle ore 18:00 presso il<br \/>\nchiostro comunale a piazza Municipio (massimo 30 posti), scrivere a<br \/>\nNovella Talamo al seguente indirizzo e-mail.<\/p>\n<p style=\"margin-bottom: 0cm; text-align: justify;\">Ulteriori informazioni sul programma<br \/>\ngenerale e sulle tre giornate sul sito Internet della Pro Loco di<br \/>\nCastelvenere, che presenta anche le notizie sulla Festa del Vino.<\/p>\n<p style=\"margin-bottom: 0cm; text-align: justify;\">\u00a0<\/p>\n<p style=\"margin-bottom: 0cm; text-align: justify;\">Franco Ziliani<\/p>\n<p style=\"text-align: justify;\">\u00a0<\/p>\n<div id=\"date\" style=\"display:none;\">2009-08-24<\/div>\n<\/div>\n","protected":false},"excerpt":{"rendered":"<p>Primo Festival meridionale delle piccole Vigne A Castelvenere nel Sannio, secondo le statistiche il Comune con la pi\u00f9 elevata superficie a vigneto di tutta la Campania, venerd\u00ec 28 agosto, a partire della 19, nell&#8217;ambito della Festa del Vino (che proseguir\u00e0 sino al 30 agosto) si svolger\u00e0 una iniziativa assolutamente innovativa per il Sud. Da un&#8217;idea [&hellip;]<\/p>\n","protected":false},"author":1,"featured_media":0,"comment_status":"open","ping_status":"open","sticky":false,"template":"","format":"standard","meta":{"footnotes":""},"categories":[85],"tags":[],"class_list":["post-471","post","type-post","status-publish","format-standard","hentry","category-eventi"],"_links":{"self":[{"href":"https:\/\/www.oraviaggiando.it\/blog\/wp-json\/wp\/v2\/posts\/471","targetHints":{"allow":["GET"]}}],"collection":[{"href":"https:\/\/www.oraviaggiando.it\/blog\/wp-json\/wp\/v2\/posts"}],"about":[{"href":"https:\/\/www.oraviaggiando.it\/blog\/wp-json\/wp\/v2\/types\/post"}],"author":[{"embeddable":true,"href":"https:\/\/www.oraviaggiando.it\/blog\/wp-json\/wp\/v2\/users\/1"}],"replies":[{"embeddable":true,"href":"https:\/\/www.oraviaggiando.it\/blog\/wp-json\/wp\/v2\/comments?post=471"}],"version-history":[{"count":0,"href":"https:\/\/www.oraviaggiando.it\/blog\/wp-json\/wp\/v2\/posts\/471\/revisions"}],"wp:attachment":[{"href":"https:\/\/www.oraviaggiando.it\/blog\/wp-json\/wp\/v2\/media?parent=471"}],"wp:term":[{"taxonomy":"category","embeddable":true,"href":"https:\/\/www.oraviaggiando.it\/blog\/wp-json\/wp\/v2\/categories?post=471"},{"taxonomy":"post_tag","embeddable":true,"href":"https:\/\/www.oraviaggiando.it\/blog\/wp-json\/wp\/v2\/tags?post=471"}],"curies":[{"name":"wp","href":"https:\/\/api.w.org\/{rel}","templated":true}]}}