{"id":5432,"date":"2025-04-17T19:28:22","date_gmt":"2025-04-17T17:28:22","guid":{"rendered":"https:\/\/www.oraviaggiando.it\/blog\/?p=5432"},"modified":"2025-04-17T19:31:29","modified_gmt":"2025-04-17T17:31:29","slug":"topi-morti-e-cibo-scaduto-laboratorio-di-catering-chiuso-dai-nas-nel-bolognese","status":"publish","type":"post","link":"https:\/\/www.oraviaggiando.it\/blog\/topi-morti-e-cibo-scaduto-laboratorio-di-catering-chiuso-dai-nas-nel-bolognese\/","title":{"rendered":"Topi morti e cibo scaduto: laboratorio di catering chiuso dai Nas nel bolognese"},"content":{"rendered":"\n<p><em>Nel corso dell\u2019ispezione, il personale del Nas ha rilevato una lunga serie di irregolarit\u00e0 gravi, che hanno condotto alla sospensione immediata dell\u2019attivit\u00e0 e al sequestro di circa 150 chili di alimenti.<\/em><\/p>\n\n\n\n<p>Con l\u2019avvicinarsi della primavera e l\u2019inizio del periodo pi\u00f9 intenso per matrimoni, battesimi e altri eventi privati, i carabinieri del <strong>Nas di Bologna<\/strong> hanno intensificato i controlli su laboratori e imprese che operano nel settore della ristorazione e del catering. In una recente operazione condotta nella bassa bolognese, i militari si sono trovati di fronte a <strong>uno scenario allarmante<\/strong> all\u2019interno di un laboratorio alimentare specializzato nella preparazione di pasti per cerimonie ed eventi.<\/p>\n\n\n\n<h2 class=\"wp-block-heading\">Una scena da film dell\u2019orrore<\/h2>\n\n\n\n<p><strong>Il laboratorio<\/strong>, apparentemente operativo e attrezzato per produrre cibi destinati a banchetti anche di alto livello, <strong>\u00e8 risultato in condizioni igienico-sanitarie pessime<\/strong>. I carabinieri hanno trovato due topi morti nel deposito alimenti, segno di una infestazione in atto. A terra, sotto le scaffalature, erano ben visibili numerosi escrementi, indicativi <strong>di una presenza massiccia (addirittura non recente) di roditori<\/strong>. Le strutture stesse del magazzino presentavano evidenti segni di degrado: scaffalature metalliche arrugginite e sporche, con alimenti appoggiati direttamente a terra, spesso in confezioni gi\u00e0 aperte e quindi esposte a contaminazioni.<\/p>\n\n\n\n<p>A rendere la situazione ancora pi\u00f9 grave, la presenza di <strong>ingenti quantit\u00e0 di prodotti scaduti<\/strong>: formaggi, burro, mozzarelle e anche ingredienti conservati come spezie, additivi e conserve. Tutto materiale non pi\u00f9 idoneo al consumo ma ancora stoccato all\u2019interno della struttura.<\/p>\n\n\n\n<h2 class=\"wp-block-heading\">Conservazione e produzione irregolari<\/h2>\n\n\n\n<p>Non \u00e8 finita qui. I carabinieri hanno scoperto che l\u2019azienda aveva avviato la produzione di conserve di frutta e verdura (confetture, sottolio, sottaceto), tutte in vasetti di vetro con tappo metallico, sottoposte a pastorizzazione. Una pratica che, in mancanza di un\u2019adeguata valutazione del rischio e senza il rispetto delle linee guida Haccp, pu\u00f2 risultare estremamente pericolosa, soprattutto per il rischio legato allo sviluppo del botulino.<\/p>\n\n\n\n<p>Secondo quanto rilevato, <strong>il laboratorio non aveva attivato alcuna procedura<\/strong> specifica <strong>per la gestione della sicurezza microbiologica<\/strong> nella produzione delle conserve, un\u2019omissione che rappresenta un grave rischio per la salute pubblica.<\/p>\n\n\n\n<h2 class=\"wp-block-heading\">Sequestro e sanzioni: il bilancio dell\u2019operazione<\/h2>\n\n\n\n<p><strong>L\u2019intervento si \u00e8 concluso con il sequestro amministrativo di circa 150 chilogrammi di alimenti<\/strong> scaduti o contaminati, per un valore commerciale di oltre 5.000 euro. A ci\u00f2 si \u00e8 aggiunta una sanzione amministrativa da 4.000 euro comminata ai titolari dell\u2019attivit\u00e0.<\/p>\n\n\n\n<p>Ma la misura pi\u00f9 pesante \u00e8 stata la sospensione immediata del laboratorio, su disposizione dell\u2019Ausl competente. La struttura, il cui valore complessivo \u00e8 stato stimato in circa 300.000 euro, non potr\u00e0 riaprire finch\u00e9 non saranno risolte tutte le criticit\u00e0 rilevate e ripristinate le condizioni di sicurezza e igiene.<\/p>\n\n\n\n<h2 class=\"wp-block-heading\">Un campanello d\u2019allarme per il settore<\/h2>\n\n\n\n<p>L\u2019operazione condotta dai Nas non \u00e8 soltanto un\u2019azione repressiva, ma rappresenta anche un forte messaggio per l\u2019intero comparto della ristorazione legata agli eventi. La richiesta crescente di catering durante la stagione primaverile ed estiva comporta una maggiore pressione sulle aziende del settore, che spesso cercano di massimizzare la produzione senza adeguati investimenti nella sicurezza.<\/p>\n\n\n\n<p>Il caso del laboratorio chiuso nella bolognese evidenzia quanto possano essere gravi le conseguenze di una gestione disattenta e pericolosa, non solo per i clienti finali, ma anche per la reputazione dell&#8217;intero settore.<\/p>\n\n\n\n<h2 class=\"wp-block-heading\">Le condizioni per la riapertura<\/h2>\n\n\n\n<p><strong>Per poter riprendere l\u2019attivit\u00e0, l\u2019azienda dovr\u00e0 effettuare una completa sanificazione dei locali, smaltire tutti i prodotti non conformi e ristrutturare le aree di stoccaggio secondo le normative vigenti.<\/strong> Inoltre, sar\u00e0 necessario implementare un piano Haccp aggiornato e sottoporsi a una nuova ispezione da parte delle autorit\u00e0 sanitarie.<\/p>\n\n\n\n<p>Solo dopo aver dimostrato di aver eliminato ogni rischio per la salute pubblica, l\u2019attivit\u00e0 potr\u00e0 essere autorizzata a riprendere le operazioni. Intanto, l\u2019intervento dei Nas rimane uno dei pi\u00f9 eclatanti tra quelli svolti negli ultimi mesi nel territorio bolognese.<\/p>\n\n\n\n<h2 class=\"wp-block-heading\">La risposta delle autorit\u00e0 e il ruolo della prevenzione<\/h2>\n\n\n\n<p>L\u2019Arma ha ribadito l\u2019importanza dei controlli in questo periodo dell\u2019anno, sottolineando come operazioni come questa siano fondamentali per tutelare la salute dei cittadini. Le autorit\u00e0 sanitarie invitano i consumatori e gli organizzatori di eventi a richiedere sempre la tracciabilit\u00e0 dei prodotti utilizzati e a verificare l\u2019affidabilit\u00e0 delle aziende scelte.<\/p>\n\n\n\n<p>Nel frattempo, i Nas continueranno con i controlli a tappeto su tutto il territorio, a tutela di un settore che, se gestito con rigore e trasparenza, pu\u00f2 offrire servizi di qualit\u00e0 e in totale sicurezza.<\/p>\n","protected":false},"excerpt":{"rendered":"<p>Nel corso dell\u2019ispezione, il personale del Nas ha rilevato una lunga serie di irregolarit\u00e0 gravi, che hanno condotto alla sospensione immediata dell\u2019attivit\u00e0 e al sequestro di circa 150 chili di alimenti. Con l\u2019avvicinarsi della primavera e l\u2019inizio del periodo pi\u00f9 intenso per matrimoni, battesimi e altri eventi privati, i carabinieri del Nas di Bologna hanno [&hellip;]<\/p>\n","protected":false},"author":1,"featured_media":5433,"comment_status":"open","ping_status":"open","sticky":false,"template":"","format":"standard","meta":{"footnotes":""},"categories":[43,90],"tags":[929,927,930,926,931,928],"class_list":["post-5432","post","type-post","status-publish","format-standard","has-post-thumbnail","hentry","category-news","category-primo-piano","tag-bologna","tag-carabienieri","tag-catering","tag-nas","tag-prevenzione","tag-sequestro"],"_links":{"self":[{"href":"https:\/\/www.oraviaggiando.it\/blog\/wp-json\/wp\/v2\/posts\/5432","targetHints":{"allow":["GET"]}}],"collection":[{"href":"https:\/\/www.oraviaggiando.it\/blog\/wp-json\/wp\/v2\/posts"}],"about":[{"href":"https:\/\/www.oraviaggiando.it\/blog\/wp-json\/wp\/v2\/types\/post"}],"author":[{"embeddable":true,"href":"https:\/\/www.oraviaggiando.it\/blog\/wp-json\/wp\/v2\/users\/1"}],"replies":[{"embeddable":true,"href":"https:\/\/www.oraviaggiando.it\/blog\/wp-json\/wp\/v2\/comments?post=5432"}],"version-history":[{"count":1,"href":"https:\/\/www.oraviaggiando.it\/blog\/wp-json\/wp\/v2\/posts\/5432\/revisions"}],"predecessor-version":[{"id":5434,"href":"https:\/\/www.oraviaggiando.it\/blog\/wp-json\/wp\/v2\/posts\/5432\/revisions\/5434"}],"wp:featuredmedia":[{"embeddable":true,"href":"https:\/\/www.oraviaggiando.it\/blog\/wp-json\/wp\/v2\/media\/5433"}],"wp:attachment":[{"href":"https:\/\/www.oraviaggiando.it\/blog\/wp-json\/wp\/v2\/media?parent=5432"}],"wp:term":[{"taxonomy":"category","embeddable":true,"href":"https:\/\/www.oraviaggiando.it\/blog\/wp-json\/wp\/v2\/categories?post=5432"},{"taxonomy":"post_tag","embeddable":true,"href":"https:\/\/www.oraviaggiando.it\/blog\/wp-json\/wp\/v2\/tags?post=5432"}],"curies":[{"name":"wp","href":"https:\/\/api.w.org\/{rel}","templated":true}]}}