{"id":555,"date":"2011-11-05T00:00:00","date_gmt":"2011-11-05T00:00:00","guid":{"rendered":"https:\/\/www.oraviaggiando.it\/blog\/\/aperitivi-medicei-n278\/"},"modified":"2018-09-05T15:48:05","modified_gmt":"2018-09-05T13:48:05","slug":"aperitivi-medicei-n278","status":"publish","type":"post","link":"https:\/\/www.oraviaggiando.it\/blog\/aperitivi-medicei-n278\/","title":{"rendered":"Aperitivi medicei"},"content":{"rendered":"<div id=\"content\">\n<h1 style=\"display:none;\">Aperitivi medicei<\/h1>\n<p>Dal cinque novembre al diciasette dicembre A Seravezza un autunno all&#8217;insegna dei sapori con l&#8217;&#13;<br \/>&#8220;Aperitivo mediceo. Assaggi di Toscana&#8221; . L&#8217;evento \u00e8 organizzato dalla Fondazione Terre Medicee a Seravezza (Lu) e creata dal giornalista e conduttore televisivo Fabrizio Diolaiuti.&#13;<\/p>\n<p>Il tutto si svolgere in 4 sabati (5-12-19 novembre e 17 dicembre) con inizio alle ore 17.30 alle scuderie  Granducali dove il pubblico avr\u00e0 l&#8217;onore di inconrtare uno chef che spiegher\u00e0 attraverso la preparazione di vari piatti, la singolarit\u00e0 dei piatti tipici regionali.&#13;<\/p>\n<p>Sar\u00e0, dunque possibile una degustazione gratuita e una partecipazione da parte dei bambini al laboratorio &#8220;Nell&#8217;orto con Arcimboldo&#8221;. &#13;<\/p>\n<p>Quest&#8217;ultima iniziativa porter\u00e0 I bambini ad apprendere l&#8217;arte della cucina attraverso una primissima presentazione sull&#8217;opera di Arcimboldo.&#13;<br \/>I quattro incontri sono stati formulati per rappresentare in ogni giornata una stagione diversa.&#13;<\/p>\n<p>I primi tre incontri si svolgeranno presso le scuderie, nel salone vicino al teatro, mentre l&#8217;ultimo sar\u00e0 presentato nell&#8217;aula del museo delle tradizioni popolari presso palazzo mediceo. &#13;<\/p>\n<div id=\"date\" style=\"display:none;\">2011-11-05<\/div>\n<p><img decoding=\"async\" src=\"https:\/\/www.oraviaggiando.it\/blog\/\/wp-content\/uploads\/2011\/11\/FEV1319203974.jpg\" align=\"left\" style=\"margin-right:20px;margin-bottom:20px;max-width:350px;\" alt=\"Aperitivi medicei\"\/><\/div>\n","protected":false},"excerpt":{"rendered":"<p>Aperitivi medicei Dal cinque novembre al diciasette dicembre A Seravezza un autunno all&#8217;insegna dei sapori con l&#8217;&#13;&#8220;Aperitivo mediceo. Assaggi di Toscana&#8221; . L&#8217;evento \u00e8 organizzato dalla Fondazione Terre Medicee a Seravezza (Lu) e creata dal giornalista e conduttore televisivo Fabrizio Diolaiuti.&#13; Il tutto si svolgere in 4 sabati (5-12-19 novembre e 17 dicembre) con inizio [&hellip;]<\/p>\n","protected":false},"author":1,"featured_media":0,"comment_status":"open","ping_status":"open","sticky":false,"template":"","format":"standard","meta":{"footnotes":""},"categories":[85],"tags":[],"class_list":["post-555","post","type-post","status-publish","format-standard","hentry","category-eventi"],"_links":{"self":[{"href":"https:\/\/www.oraviaggiando.it\/blog\/wp-json\/wp\/v2\/posts\/555","targetHints":{"allow":["GET"]}}],"collection":[{"href":"https:\/\/www.oraviaggiando.it\/blog\/wp-json\/wp\/v2\/posts"}],"about":[{"href":"https:\/\/www.oraviaggiando.it\/blog\/wp-json\/wp\/v2\/types\/post"}],"author":[{"embeddable":true,"href":"https:\/\/www.oraviaggiando.it\/blog\/wp-json\/wp\/v2\/users\/1"}],"replies":[{"embeddable":true,"href":"https:\/\/www.oraviaggiando.it\/blog\/wp-json\/wp\/v2\/comments?post=555"}],"version-history":[{"count":1,"href":"https:\/\/www.oraviaggiando.it\/blog\/wp-json\/wp\/v2\/posts\/555\/revisions"}],"predecessor-version":[{"id":658,"href":"https:\/\/www.oraviaggiando.it\/blog\/wp-json\/wp\/v2\/posts\/555\/revisions\/658"}],"wp:attachment":[{"href":"https:\/\/www.oraviaggiando.it\/blog\/wp-json\/wp\/v2\/media?parent=555"}],"wp:term":[{"taxonomy":"category","embeddable":true,"href":"https:\/\/www.oraviaggiando.it\/blog\/wp-json\/wp\/v2\/categories?post=555"},{"taxonomy":"post_tag","embeddable":true,"href":"https:\/\/www.oraviaggiando.it\/blog\/wp-json\/wp\/v2\/tags?post=555"}],"curies":[{"name":"wp","href":"https:\/\/api.w.org\/{rel}","templated":true}]}}