{"id":5562,"date":"2025-08-08T22:05:15","date_gmt":"2025-08-08T20:05:15","guid":{"rendered":"https:\/\/www.oraviaggiando.it\/blog\/?p=5562"},"modified":"2025-08-08T22:05:20","modified_gmt":"2025-08-08T20:05:20","slug":"veleno-per-topi-al-prosecco-a-treviso-interviene-il-consorzio-tutela-prosecco-doc","status":"publish","type":"post","link":"https:\/\/www.oraviaggiando.it\/blog\/veleno-per-topi-al-prosecco-a-treviso-interviene-il-consorzio-tutela-prosecco-doc\/","title":{"rendered":"Veleno per topi \u201cal prosecco\u201d: a Treviso interviene il Consorzio Tutela Prosecco DOC"},"content":{"rendered":"<p>Treviso, cuore pulsante della produzione di prosecco, \u00e8 stata recentemente alle prese con un\u2019emergenza sanitaria che \u00e8 rapidamente diventata un vero e proprio caso nazionale. Secondo i dati diffusi dal comune, infatti, la citt\u00e0 avrebbe subito un\u2019invasione di topi che avrebbe spinto l\u2019amministrazione comunale ad adottare misure di derattizzazione innovative, mirate ed ecocompatibili. La gestione \u00e8 stata affidata alla ditta specializzata Mayer Braun, con sede a Carbonera (TV), che ha studiato un piano articolato per contenere l\u2019infestazione ed ha introdotto esche derattizzanti al gusto di prosecco, facendo discutere l\u2019Italia intera e, soprattutto, scatenando l\u2019ira del Consorzio Tutela Prosecco DOC.<\/p>\n<h2>Derattizzazione con esche \u201cal prosecco\u201d: la Mayer Braun si difende dalle accuse del Consorzio<\/h2>\n<p>A seguito della dichiarazione di emergenza e della ricerca di una soluzione immediata per derattizzare il territorio di Treviso, l\u2019intenzione dichiarata dall\u2019azienda Mayer Braun non era certo quella di creare un prodotto provocatorio o pubblicitario, bens\u00ec di aumentare l\u2019efficacia delle esche, rendendole pi\u00f9 attrattive per i roditori. I tecnici, infatti, hanno osservato come i topi urbani sviluppino gusti alimentari condizionati dal territorio in cui vivono e riprodurre il gusto dell\u2019uva, in questo caso specifico, sarebbe stato anche sostenibile grazie alla fornitura, da parte delle aziende locali, dei loro scarti di produzione, che altrimenti sarebbero stati buttati. Non si \u00e8 fatta attendere, tuttavia, la presa di posizione ufficiale del Consorzio Tutela Prosecco DOC, organismo incaricato alla difesa della denominazione di origine controllata del prosecco. Il direttore generale, Luca Giavi, ha espresso sconcerto e preoccupazione per l\u2019associazione del nome \u201cprosecco\u201d con un veleno per topi e il presidente del Consorzio, Franco Adami, ha rincarato la dose, definendo l\u2019episodio inaccettabile e lesivo della dignit\u00e0 di migliaia di produttori che ogni giorno lavorano nel rispetto di un disciplinare rigoroso e di una tradizione secolare. Reazione che si \u00e8 affievolita quando l\u2019azienda ha spiegato loro che l\u2019aroma utilizzato nelle esche non \u00e8 in realt\u00e0 un derivato del vino n\u00e9 tantomeno del Prosecco DOC, ma un semplice aroma alimentare che richiama il sapore e l\u2019odore tipico dell\u2019uva.<\/p>\n<h2>Tutela del marchio Prosecco DOC: perch\u00e9 il Consorzio \u00e8 intervenuto contro le esche derattizzanti di Treviso<\/h2>\n<p>Il Consorzio Tutela Prosecco DOC \u00e8 un ente riconosciuto dal Ministero dell\u2019Agricoltura che ha il compito di tutelare, promuovere, valorizzare e vigilare sulla produzione del Prosecco a Denominazione di Origine Controllata. Ha sede a Treviso, proprio nel cuore della zona pi\u00f9 vocata alla viticoltura del Glera (il vitigno base del Prosecco), ed ha il potere di agire per difendere il marchio \u201cProsecco\u201d da usi impropri, anche fuori dal contesto vinicolo. Per questo, nonostante la buona fede e le spiegazioni tecniche date dall\u2019azienda Mayer Braun, il caso ha subito sollevato una questione pi\u00f9 ampia: l\u2019importanza della comunicazione e del rispetto dei marchi d\u2019origine. L\u2019accostamento, anche solo linguistico, tra \u201cprosecco\u201d e \u201cveleno per topi\u201d pu\u00f2 risultare potenzialmente dannoso per un prodotto simbolo del Made in Italy venduto in tutto il mondo. Un richiamo, questo, che si spera arrivi all\u2019orecchio anche di ristoratori e operatori del settore, ricordando loro l\u2019importanza di utilizzare i nomi delle denominazioni protette con rispetto e consapevolezza.<\/p>\n","protected":false},"excerpt":{"rendered":"<p>Treviso, cuore pulsante della produzione di prosecco, \u00e8 stata recentemente alle prese con un\u2019emergenza sanitaria che \u00e8 rapidamente diventata un vero e proprio caso nazionale. Secondo i dati diffusi dal comune, infatti, la citt\u00e0 avrebbe subito un\u2019invasione di topi che avrebbe spinto l\u2019amministrazione comunale ad adottare misure di derattizzazione innovative, mirate ed ecocompatibili. La gestione [&hellip;]<\/p>\n","protected":false},"author":1,"featured_media":5563,"comment_status":"open","ping_status":"open","sticky":false,"template":"","format":"standard","meta":{"footnotes":""},"categories":[417],"tags":[],"class_list":["post-5562","post","type-post","status-publish","format-standard","has-post-thumbnail","hentry","category-curiosita"],"_links":{"self":[{"href":"https:\/\/www.oraviaggiando.it\/blog\/wp-json\/wp\/v2\/posts\/5562","targetHints":{"allow":["GET"]}}],"collection":[{"href":"https:\/\/www.oraviaggiando.it\/blog\/wp-json\/wp\/v2\/posts"}],"about":[{"href":"https:\/\/www.oraviaggiando.it\/blog\/wp-json\/wp\/v2\/types\/post"}],"author":[{"embeddable":true,"href":"https:\/\/www.oraviaggiando.it\/blog\/wp-json\/wp\/v2\/users\/1"}],"replies":[{"embeddable":true,"href":"https:\/\/www.oraviaggiando.it\/blog\/wp-json\/wp\/v2\/comments?post=5562"}],"version-history":[{"count":1,"href":"https:\/\/www.oraviaggiando.it\/blog\/wp-json\/wp\/v2\/posts\/5562\/revisions"}],"predecessor-version":[{"id":5564,"href":"https:\/\/www.oraviaggiando.it\/blog\/wp-json\/wp\/v2\/posts\/5562\/revisions\/5564"}],"wp:featuredmedia":[{"embeddable":true,"href":"https:\/\/www.oraviaggiando.it\/blog\/wp-json\/wp\/v2\/media\/5563"}],"wp:attachment":[{"href":"https:\/\/www.oraviaggiando.it\/blog\/wp-json\/wp\/v2\/media?parent=5562"}],"wp:term":[{"taxonomy":"category","embeddable":true,"href":"https:\/\/www.oraviaggiando.it\/blog\/wp-json\/wp\/v2\/categories?post=5562"},{"taxonomy":"post_tag","embeddable":true,"href":"https:\/\/www.oraviaggiando.it\/blog\/wp-json\/wp\/v2\/tags?post=5562"}],"curies":[{"name":"wp","href":"https:\/\/api.w.org\/{rel}","templated":true}]}}