{"id":5601,"date":"2025-08-29T11:20:10","date_gmt":"2025-08-29T09:20:10","guid":{"rendered":"https:\/\/www.oraviaggiando.it\/blog\/?p=5601"},"modified":"2025-08-29T11:20:15","modified_gmt":"2025-08-29T09:20:15","slug":"la-vie-apre-a-berna-il-primo-ristorante-in-un-cimitero","status":"publish","type":"post","link":"https:\/\/www.oraviaggiando.it\/blog\/la-vie-apre-a-berna-il-primo-ristorante-in-un-cimitero\/","title":{"rendered":"La Vie: apre a Berna il primo ristorante in un cimitero"},"content":{"rendered":"<p>Un ristorante in un cimitero. Non \u00e8 l\u2019incipit di un romanzo horror, ma la realt\u00e0 di un progetto che sta facendo discutere: a Berna, in Svizzera, nel gennaio 2026 aprir\u00e0 La Vie, il primo ristorante all\u2019interno di un cimitero che trasformer\u00e0 un luogo tradizionalmente legato al lutto in uno spazio conviviale.<\/p>\n<h2>Dall\u2019ex crematorio al ristorante La Vie: il nuovo progetto nel cimitero monumentale di Berna<\/h2>\n<p>Il ristorante sorger\u00e0 all\u2019interno del Bremgartenfriedhof, il cimitero monumentale di Berna, e pi\u00f9 precisamente nell\u2019ex crematorio, ovvero negli spazi un tempo destinati alla conservazione delle urne funerarie. Col passare degli anni, infatti, questi ambienti sono diventati sempre meno utilizzati a causa della crescente abitudine di molte famiglie di custodire le ceneri dei propri cari in casa o di disperderle, lasciando le sale praticamente vuote. Sale che per\u00f2 non potevano essere demolite in quanto vincolate come bene monumentale; da qui l\u2019idea di dargli una nuova vita.<\/p>\n<p>Il progetto \u00e8 stato voluto e realizzato dalla Cooperativa Bernese per la Cremazione, con l\u2019obiettivo non solo di valorizzare uno spazio inutilizzato, ma anche di proporre un diverso approccio alla morte. L\u2019intenzione \u00e8 infatti quella di creare un ambiente che inviti alla riflessione senza incutere timore, offrendo la possibilit\u00e0 di vivere momenti di condivisione proprio in un luogo carico di memoria. Non si tratta, dunque, di un\u2019operazione irrispettosa: al contrario, l\u2019idea \u00e8 di trasmettere un messaggio positivo e l\u2019obiettivo \u00e8 che chi entra con un velo di malinconia ne esca con un sorriso, felice di aver condiviso un pasto o un momento piacevole con i propri amici o familiari.<\/p>\n<h2>Ristorante La Vie: un omaggio alla Belle \u00c9poque nel cimitero monumentale di Berna<\/h2>\n<p>Dal punto di vista estetico, La Vie avr\u00e0 un arredamento in stile Belle \u00c9poque, in omaggio all\u2019epoca di costruzione del crematorio, che fu inaugurato nel 1908. A dominare saranno colori caldi, come il bordeaux e il verde, e alcuni dettagli architettonici originali, come le nicchie che un tempo ospitavano le urne, che resteranno probabilmente visibili, trasformandosi in elementi di design e memoria. Il risultato sar\u00e0 quindi un luogo elegante ma sobrio e un\u2019atmosfera suggestiva ma accogliente, in cui passato e presente si intrecceranno in maniera armonica. La Vie non sar\u00e0 infatti soltanto un ristorante. Il locale ospiter\u00e0 anche eventi culturali discreti e raccolti, come letture, conferenze e incontri dedicati a chi affronta un lutto. Inoltre, sar\u00e0 possibile organizzare rinfreschi in occasione di cerimonie funebri o momenti di ricordo. L\u2019idea \u00e8 che il ristorante diventi un punto di riferimento non solo per chi visita il cimitero, ma anche per la comunit\u00e0 cittadina e per i curiosi che vorranno vivere un\u2019esperienza insolita.<\/p>\n<p>L\u2019apertura di un ristorante in un cimitero pu\u00f2 sembrare provocatoria, ma in realt\u00e0 porta con s\u00e9 un messaggio di rinascita. La Vie non vuole banalizzare la morte, bens\u00ec normalizzarla, integrandola nel tessuto della vita quotidiana. Mangiare in un luogo cos\u00ec particolare significa confrontarsi con un tab\u00f9, ma anche scoprire come il ricordo possa diventare parte integrante di un momento conviviale. Non \u00e8 un\u2019attrazione turistica macabra, bens\u00ec un esperimento culturale che invita a riflettere sul rapporto che ognuno di noi ha con la memoria e con il tempo.<\/p>\n","protected":false},"excerpt":{"rendered":"<p>Un ristorante in un cimitero. Non \u00e8 l\u2019incipit di un romanzo horror, ma la realt\u00e0 di un progetto che sta facendo discutere: a Berna, in Svizzera, nel gennaio 2026 aprir\u00e0 La Vie, il primo ristorante all\u2019interno di un cimitero che trasformer\u00e0 un luogo tradizionalmente legato al lutto in uno spazio conviviale. Dall\u2019ex crematorio al ristorante [&hellip;]<\/p>\n","protected":false},"author":1,"featured_media":5602,"comment_status":"open","ping_status":"open","sticky":false,"template":"","format":"standard","meta":{"footnotes":""},"categories":[417,90],"tags":[],"class_list":["post-5601","post","type-post","status-publish","format-standard","has-post-thumbnail","hentry","category-curiosita","category-primo-piano"],"_links":{"self":[{"href":"https:\/\/www.oraviaggiando.it\/blog\/wp-json\/wp\/v2\/posts\/5601","targetHints":{"allow":["GET"]}}],"collection":[{"href":"https:\/\/www.oraviaggiando.it\/blog\/wp-json\/wp\/v2\/posts"}],"about":[{"href":"https:\/\/www.oraviaggiando.it\/blog\/wp-json\/wp\/v2\/types\/post"}],"author":[{"embeddable":true,"href":"https:\/\/www.oraviaggiando.it\/blog\/wp-json\/wp\/v2\/users\/1"}],"replies":[{"embeddable":true,"href":"https:\/\/www.oraviaggiando.it\/blog\/wp-json\/wp\/v2\/comments?post=5601"}],"version-history":[{"count":1,"href":"https:\/\/www.oraviaggiando.it\/blog\/wp-json\/wp\/v2\/posts\/5601\/revisions"}],"predecessor-version":[{"id":5603,"href":"https:\/\/www.oraviaggiando.it\/blog\/wp-json\/wp\/v2\/posts\/5601\/revisions\/5603"}],"wp:featuredmedia":[{"embeddable":true,"href":"https:\/\/www.oraviaggiando.it\/blog\/wp-json\/wp\/v2\/media\/5602"}],"wp:attachment":[{"href":"https:\/\/www.oraviaggiando.it\/blog\/wp-json\/wp\/v2\/media?parent=5601"}],"wp:term":[{"taxonomy":"category","embeddable":true,"href":"https:\/\/www.oraviaggiando.it\/blog\/wp-json\/wp\/v2\/categories?post=5601"},{"taxonomy":"post_tag","embeddable":true,"href":"https:\/\/www.oraviaggiando.it\/blog\/wp-json\/wp\/v2\/tags?post=5601"}],"curies":[{"name":"wp","href":"https:\/\/api.w.org\/{rel}","templated":true}]}}