{"id":5612,"date":"2025-09-19T11:26:31","date_gmt":"2025-09-19T09:26:31","guid":{"rendered":"https:\/\/www.oraviaggiando.it\/blog\/?p=5612"},"modified":"2025-11-17T13:22:45","modified_gmt":"2025-11-17T12:22:45","slug":"fiera-dei-sapori-ditalia-2025-a-frascati-un-nuovo-viaggio-nellanima-enogastronomica-del-paese","status":"publish","type":"post","link":"https:\/\/www.oraviaggiando.it\/blog\/fiera-dei-sapori-ditalia-2025-a-frascati-un-nuovo-viaggio-nellanima-enogastronomica-del-paese\/","title":{"rendered":"Fiera dei Sapori d\u2019Italia 2025: a Frascati un nuovo viaggio nell\u2019anima enogastronomica del paese"},"content":{"rendered":"<p>Dal 18 al 28 settembre 2025, a Villa Torlonia di Frascati (Roma), torna la Fiera dei Sapori d\u2019Italia; undici giorni interamente dedicati alla cucina regionale, alle tradizioni gastronomiche e ai pi\u00f9 pregiati vini italiani, ognuno raccontato attraverso masterclass, degustazioni, showcooking e laboratori organizzati. Non solo una fiera quindi, bens\u00ec un racconto corale dell\u2019Italia che ama sedersi a tavola e riconoscersi nei suoi piatti.<\/p>\n<h2>Specialit\u00e0 regionali e vini pregiati: il meglio dell\u2019enogastronomia italiana alla Fiera dei Sapori d\u2019Italia 2025<\/h2>\n<p>L\u2019edizione 2025 della Fiera dei Sapori d\u2019Italia promette di riunire ancora una volta il meglio della nostra cucina regionale, con specialit\u00e0 provenienti dal nord al sud Italia, quali i canederli altoatesini, la polenta veneta, le paste fresche e le antiche ricette della tradizione del centro Italia (tra cui la cacio e pepe romana, gli stringozzi al tartufo umbri, il panino con Lampredotto toscano, la piadina romagnola e le olive all\u2019ascolana), i piatti di pesce tipici delle coste campane e calabresi, le orecchiette pugliesi, le arancine siciliane e il porceddu sardo. Passeggiare tra gli stand della fiera significa quindi attraversare idealmente l\u2019Italia intera, fermandosi in ogni regione per assaggiarne i sapori, ascoltare le storie dei produttori, riscoprire le radici di una cucina che non \u00e8 mai solo nutrimento, ma cultura. Anche per questo, nonostante i piatti abbiano un ruolo da protagonista, alla Fiera dei Sapori d\u2019Italia \u00e8 possibile degustare le migliori etichette di vino provenienti da tutte le regioni italiane: rossi robusti come Barolo e Primitivo, bianchi eleganti come il Vermentino, ma anche bollicine e vini meno conosciuti che raccontano realt\u00e0 pi\u00f9 piccole e, ovviamente, il Frascati Superiore DOCG, il vino del territorio.<\/p>\n<h2>Fiera dei Sapori d\u2019Italia 2025: gli eventi da non perdere<\/h2>\n<p>Anche quest\u2019anno, come ogni anno, la Fiera dei Sapori non sar\u00e0 solamente esposizione, ma una vera e propria esperienza enogastronomica con un ricco calendario di showcooking, laboratori, masterclass ed ospiti d\u2019eccezione. Tra i nomi pi\u00f9 attesi c\u2019\u00e8 l\u2019oste pi\u00f9 amato dagli italiani Giorgione, che il 24 settembre porter\u00e0 in fiera la sua cucina genuina e coinvolgente, il conduttore televisivo Patrizio Roversi, l\u2019ambasciatrice Made in Italy Emanuela De Rosa e la chef calabrese semifinalista di MasterChef Italia 10 Federica Di Lieto, che racconter\u00e0 la Calabria attraverso piatti radicati nella tradizione ma aperti alla contemporaneit\u00e0. Accanto a loro, tanti altri appuntamenti con chef, produttori, sommelier e artigiani del gusto; un modo, questo, per far dialogare i protagonisti della filiera enogastronomica e il grande pubblico, trasformando la fiera in un luogo di scambio, apprendimento e divertimento. Qui il cibo e il vino diventano testimoni culturali, capaci di raccontare identit\u00e0, territori e tradizioni. <\/p>\n<p>In un momento storico in cui il turismo enogastronomico rappresenta una delle leve pi\u00f9 forti dell\u2019economia italiana, eventi come questo assumono un ruolo strategico: valorizzano i piccoli produttori, stimolano curiosit\u00e0, educano alla qualit\u00e0 e alla sostenibilit\u00e0. La fiera diventa cos\u00ec un invito a guardare al cibo non solo come consumo, ma come esperienza collettiva: un modo per custodire la memoria e allo stesso tempo innovare, senza per\u00f2 mai dimenticare le radici.<\/p>\n","protected":false},"excerpt":{"rendered":"<p>Dal 18 al 28 settembre 2025, a Villa Torlonia di Frascati (Roma), torna la Fiera dei Sapori d\u2019Italia; undici giorni interamente dedicati alla cucina regionale, alle tradizioni gastronomiche e ai pi\u00f9 pregiati vini italiani, ognuno raccontato attraverso masterclass, degustazioni, showcooking e laboratori organizzati. Non solo una fiera quindi, bens\u00ec un racconto corale dell\u2019Italia che ama [&hellip;]<\/p>\n","protected":false},"author":1,"featured_media":5613,"comment_status":"open","ping_status":"open","sticky":false,"template":"","format":"standard","meta":{"footnotes":""},"categories":[85],"tags":[],"class_list":["post-5612","post","type-post","status-publish","format-standard","has-post-thumbnail","hentry","category-eventi"],"_links":{"self":[{"href":"https:\/\/www.oraviaggiando.it\/blog\/wp-json\/wp\/v2\/posts\/5612","targetHints":{"allow":["GET"]}}],"collection":[{"href":"https:\/\/www.oraviaggiando.it\/blog\/wp-json\/wp\/v2\/posts"}],"about":[{"href":"https:\/\/www.oraviaggiando.it\/blog\/wp-json\/wp\/v2\/types\/post"}],"author":[{"embeddable":true,"href":"https:\/\/www.oraviaggiando.it\/blog\/wp-json\/wp\/v2\/users\/1"}],"replies":[{"embeddable":true,"href":"https:\/\/www.oraviaggiando.it\/blog\/wp-json\/wp\/v2\/comments?post=5612"}],"version-history":[{"count":1,"href":"https:\/\/www.oraviaggiando.it\/blog\/wp-json\/wp\/v2\/posts\/5612\/revisions"}],"predecessor-version":[{"id":5614,"href":"https:\/\/www.oraviaggiando.it\/blog\/wp-json\/wp\/v2\/posts\/5612\/revisions\/5614"}],"wp:featuredmedia":[{"embeddable":true,"href":"https:\/\/www.oraviaggiando.it\/blog\/wp-json\/wp\/v2\/media\/5613"}],"wp:attachment":[{"href":"https:\/\/www.oraviaggiando.it\/blog\/wp-json\/wp\/v2\/media?parent=5612"}],"wp:term":[{"taxonomy":"category","embeddable":true,"href":"https:\/\/www.oraviaggiando.it\/blog\/wp-json\/wp\/v2\/categories?post=5612"},{"taxonomy":"post_tag","embeddable":true,"href":"https:\/\/www.oraviaggiando.it\/blog\/wp-json\/wp\/v2\/tags?post=5612"}],"curies":[{"name":"wp","href":"https:\/\/api.w.org\/{rel}","templated":true}]}}