{"id":566,"date":"2011-10-22T00:00:00","date_gmt":"2011-10-22T00:00:00","guid":{"rendered":"https:\/\/www.oraviaggiando.it\/blog\/\/cooking-for-art-montagna-lo-stile-e-il-gusto-scendono-a-roma-n268\/"},"modified":"2011-10-22T00:00:00","modified_gmt":"2011-10-22T00:00:00","slug":"cooking-for-art-montagna-lo-stile-e-il-gusto-scendono-a-roma-n268","status":"publish","type":"post","link":"https:\/\/www.oraviaggiando.it\/blog\/cooking-for-art-montagna-lo-stile-e-il-gusto-scendono-a-roma-n268\/","title":{"rendered":"Cooking for Art \u0096 Montagna: lo stile e il gusto scendono a Roma"},"content":{"rendered":"<div id=\"content\">\n<h1 style=\"display:none;\">Cooking for Art \u0096 Montagna: lo stile e il gusto scendono a Roma<\/h1>\n<p>Dal 22 al 24 ottobre 2011 si svolger\u00e0 a Roma, nell&#8217;illustre Palazzo delle Esposizioni di via Nazionale, all&#8217;Open Colonna, la seconda edizione dell&#8217;evento Cooking for Art.&#13;<br \/>L&#8217;evento coordinato da Witaly, \u00e8 presentato da Luigi Cremona e sar\u00e0 curato dallo chef Antonello Colonna. &#13;<br \/>Protagonista dell&#8217;evento \u00e8 la Montagna con le sue localit\u00e0 tipiche come Val di Fiemme, Cortina D&#8217;Ampezzo, Madonna di Campiglio, Val Gardena e molte altre ancora. &#13;<\/p>\n<p>All&#8217;opera saranno chef molto noti che condividono la stessa passione per l&#8217;arte della cucina come Stefano Masanti del &#8220;Il Cantinone&#8221; a Madesimo (SO), Niko Romito di &#8220;Reale Casadonna&#8221; Castel di Sangro (AQ), Mattias Peri del &#8220;Ristorante Hotel Chalet&#8221; a Livigno (SO), Felice Lo Basso del &#8220;Alpenroyal Grand Hotel &#8211; Gourmet &amp; Spa&#8221; a Selva Alta di Val Gardena, Graziano Prest del &#8220;Tivoli&#8221; di Cortina d&#8217;Ampezzo (BL),  Alessandro Gilmozzi di &#8220;El Molin&#8221; a Cavalese (TN),  Daniele Zunica dell&#8217; &#8220;Hotel Zunica 1880&#8221; a Civitella del Tronto (TE) ed altri ancora. &#13;<\/p>\n<p>Le due giornate saranno caratterizzate da un programma ben articolato e si concluderanno con  la \u0093Finalissima\u0094 ovvero la premiazione del Miglior Chef Emergente D&#8217;Italia 2011 data da una giuria qualificata composta da giornalisti e chef famosi.&#13;<\/p>\n<p>Lo chef vincitore sar\u00e0 bene premiato, e oltre ad avere visibilit\u00e0,  raffigurer\u00e0 l&#8217;Italia del futuro al \u0093Summit della Cucina Italiana nel Mondo\u0094, manifestazione che si terr\u00e0 ad Hong Kong dal 3 al 6 novembre 2011. &#13;<\/p>\n<div id=\"date\" style=\"display:none;\">2011-10-22<\/div>\n<\/div>\n","protected":false},"excerpt":{"rendered":"<p>Cooking for Art \u0096 Montagna: lo stile e il gusto scendono a Roma Dal 22 al 24 ottobre 2011 si svolger\u00e0 a Roma, nell&#8217;illustre Palazzo delle Esposizioni di via Nazionale, all&#8217;Open Colonna, la seconda edizione dell&#8217;evento Cooking for Art.&#13;L&#8217;evento coordinato da Witaly, \u00e8 presentato da Luigi Cremona e sar\u00e0 curato dallo chef Antonello Colonna. &#13;Protagonista [&hellip;]<\/p>\n","protected":false},"author":1,"featured_media":0,"comment_status":"open","ping_status":"open","sticky":false,"template":"","format":"standard","meta":{"footnotes":""},"categories":[85],"tags":[],"class_list":["post-566","post","type-post","status-publish","format-standard","hentry","category-eventi"],"_links":{"self":[{"href":"https:\/\/www.oraviaggiando.it\/blog\/wp-json\/wp\/v2\/posts\/566","targetHints":{"allow":["GET"]}}],"collection":[{"href":"https:\/\/www.oraviaggiando.it\/blog\/wp-json\/wp\/v2\/posts"}],"about":[{"href":"https:\/\/www.oraviaggiando.it\/blog\/wp-json\/wp\/v2\/types\/post"}],"author":[{"embeddable":true,"href":"https:\/\/www.oraviaggiando.it\/blog\/wp-json\/wp\/v2\/users\/1"}],"replies":[{"embeddable":true,"href":"https:\/\/www.oraviaggiando.it\/blog\/wp-json\/wp\/v2\/comments?post=566"}],"version-history":[{"count":0,"href":"https:\/\/www.oraviaggiando.it\/blog\/wp-json\/wp\/v2\/posts\/566\/revisions"}],"wp:attachment":[{"href":"https:\/\/www.oraviaggiando.it\/blog\/wp-json\/wp\/v2\/media?parent=566"}],"wp:term":[{"taxonomy":"category","embeddable":true,"href":"https:\/\/www.oraviaggiando.it\/blog\/wp-json\/wp\/v2\/categories?post=566"},{"taxonomy":"post_tag","embeddable":true,"href":"https:\/\/www.oraviaggiando.it\/blog\/wp-json\/wp\/v2\/tags?post=566"}],"curies":[{"name":"wp","href":"https:\/\/api.w.org\/{rel}","templated":true}]}}