{"id":5719,"date":"2026-01-29T15:53:47","date_gmt":"2026-01-29T14:53:47","guid":{"rendered":"https:\/\/www.oraviaggiando.it\/blog\/?p=5719"},"modified":"2026-03-16T06:38:59","modified_gmt":"2026-03-16T05:38:59","slug":"tredicesima-giornata-nazionale-di-prevenzione-dello-spreco-alimentare-il-5-febbraio-riflettori-accesi-su-un-fenomeno-strutturale","status":"publish","type":"post","link":"https:\/\/www.oraviaggiando.it\/blog\/tredicesima-giornata-nazionale-di-prevenzione-dello-spreco-alimentare-il-5-febbraio-riflettori-accesi-su-un-fenomeno-strutturale\/","title":{"rendered":"Tredicesima Giornata Nazionale di Prevenzione dello Spreco Alimentare &#8211; il 5 febbraio riflettori accesi su un fenomeno strutturale"},"content":{"rendered":"<p>Si celebra la prossima settimana, gioved\u00ec 5 febbraio 2026, la tredicesima <strong>Giornata Nazionale di Prevenzione dello Spreco Alimentare<\/strong>, una ricorrenza istituita per mantenere alta l\u2019attenzione su una delle sfide pi\u00f9 urgenti del nostro tempo; un fenomeno, quello dello spreco alimentare appunto, che continua ad avere un impatto significativo non solo sull\u2019ambiente, ma anche sull\u2019economia e sulla coesione sociale, rendendo questa giornata oggi pi\u00f9 attuale che mai.<\/p>\n<h2>Giornata Nazionale di Prevenzione dello Spreco Alimentare: istituzione e obiettivi<\/h2>\n<p>La <strong>Giornata Nazionale di Prevenzione dello Spreco Alimentare<\/strong> viene istituita nel 2014 su iniziativa del Ministero dell\u2019Ambiente e della Sicurezza Energetica in collaborazione con il Dipartimento di Scienze e Tecnologie Agroalimentari (DISTAL) dell\u2019Universit\u00e0 di Bologna; contesto in cui nacque e da cui rapidamente si diffuse la campagna pubblica di sensibilizzazione Spreco Zero di Last Minute Market, fondata dall\u2019economista Andrea Segr\u00e8 con l\u2019obiettivo di <strong>sensibilizzare cittadini, istituzioni e imprese sul valore del cibo e sulla necessit\u00e0 di ridurre lo spreco<\/strong>. L\u2019idea alla base dell\u2019istituzione di questa Giornata Nazionale era quindi semplice ma potente: creare un momento simbolico annuale capace di <strong>informare<\/strong>, <strong>educare<\/strong>, <strong>generare consapevolezza<\/strong> e <strong>stimolare il cambiamento culturale duraturo<\/strong>. \u00c8 cos\u00ec che il 5 febbraio, negli ultimi tredici anni, \u00e8 diventata una data di riferimento per campagne pubbliche, iniziative educative e attivit\u00e0 di sensibilizzazione diffuse su tutto il territorio nazionale.<\/p>\n<p>Quando si parla di spreco alimentare, tuttavia, il rischio \u00e8 quello di ridurre il problema a ci\u00f2 che viene buttato nel contesto privato della casa. In realt\u00e0, lo spreco alimentare \u00e8 un fenomeno strutturale, che attraversa tutta la filiera: dalla produzione agricola alla trasformazione industriale, dalla distribuzione alla vendita, fino al consumo finale. Ogni giorno, grandi quantit\u00e0 di cibo perfettamente commestibile vengono perse o eliminate per motivi logistici, estetici, commerciali o culturali, contribuendo cos\u00ec ad una dispersione di risorse che il sistema non pu\u00f2 pi\u00f9 permettersi e generando molteplici conseguenze, tutte strettamente interconnesse tra loro:<\/p>\n<p>\nlo spreco di acqua, suolo ed energia, oltre alla produzione di emissioni di CO\u2082 evitabili, sul piano ambientale;<br \/>\nuna perdita di valore lungo tutta la filiera, con costi che ricadono su imprese, famiglie e sull\u2019intero paese, dal punto di vista economico;<br \/>\nun aumento delle diseguaglianze sul piano sociale.\n<\/p>\n<p>Ridurre lo spreco alimentare significa quindi non solo tutelare l\u2019ambiente, ma anche migliorare l\u2019efficienza del sistema economico e contribuire ad una maggiore equit\u00e0 sociale. Per questo, il Ministero dell\u2019Ambiente e della Sicurezza Energetica, in linea con l\u2019Agenda 2030, considera oggi la prevenzione degli sprechi come uno degli strumenti chiave per lo sviluppo sostenibile, portando la Giornata Nazionale di Prevenzione dello Spreco Alimentare ad inserirsi in un quadro pi\u00f9 ampio di politiche che promuovono la riduzione delle eccedenze, il recupero e la redistribuzione del cibo, l\u2019economia circolare e l\u2019educazione ambientale.<\/p>\n<h2>Tredicesima Giornata Nazionale di Prevenzione dello Spreco Alimentare: un invito alla responsabilit\u00e0 collettiva<\/h2>\n<p>La tredicesima Giornata Nazionale di Prevenzione dello Spreco Alimentare, che si celebra il prossimo 5 febbraio 2026, rappresenta un\u2019importante occasione per invitare ogni cittadino a riflettere sulle proprie abitudini quotidiane attuali e su quelle che potrebbe introdurre; quali scelte di acquisto pi\u00f9 consapevoli, corretta conservazione degli alimenti, recupero degli avanzi, sostegno di iniziative solidali. Allo stesso modo, aziende e istituzioni sono chiamate a promuovere pratiche virtuose, modelli di produzione pi\u00f9 efficienti e consumi pi\u00f9 responsabili.<\/p>\n<p>A tredici anni dalla sua istituzione, la Giornata Nazionale di Prevenzione dello Spreco Alimentare continua a dimostrare tutta la sua necessit\u00e0. Non si tratta solo di una ricorrenza simbolica, ma di un richiamo concreto alla responsabilit\u00e0 collettiva: prevenire lo spreco alimentare oggi \u00e8 una scelta indispensabile per costruire un futuro pi\u00f9 sostenibile, equo e consapevole.<\/p>\n","protected":false},"excerpt":{"rendered":"<p>Si celebra la prossima settimana, gioved\u00ec 5 febbraio 2026, la tredicesima Giornata Nazionale di Prevenzione dello Spreco Alimentare, una ricorrenza istituita per mantenere alta l\u2019attenzione su una delle sfide pi\u00f9 urgenti del nostro tempo; un fenomeno, quello dello spreco alimentare appunto, che continua ad avere un impatto significativo non solo sull\u2019ambiente, ma anche sull\u2019economia e [&hellip;]<\/p>\n","protected":false},"author":10,"featured_media":5720,"comment_status":"open","ping_status":"open","sticky":false,"template":"","format":"standard","meta":{"footnotes":""},"categories":[43,90],"tags":[],"class_list":["post-5719","post","type-post","status-publish","format-standard","has-post-thumbnail","hentry","category-news","category-primo-piano"],"_links":{"self":[{"href":"https:\/\/www.oraviaggiando.it\/blog\/wp-json\/wp\/v2\/posts\/5719","targetHints":{"allow":["GET"]}}],"collection":[{"href":"https:\/\/www.oraviaggiando.it\/blog\/wp-json\/wp\/v2\/posts"}],"about":[{"href":"https:\/\/www.oraviaggiando.it\/blog\/wp-json\/wp\/v2\/types\/post"}],"author":[{"embeddable":true,"href":"https:\/\/www.oraviaggiando.it\/blog\/wp-json\/wp\/v2\/users\/10"}],"replies":[{"embeddable":true,"href":"https:\/\/www.oraviaggiando.it\/blog\/wp-json\/wp\/v2\/comments?post=5719"}],"version-history":[{"count":1,"href":"https:\/\/www.oraviaggiando.it\/blog\/wp-json\/wp\/v2\/posts\/5719\/revisions"}],"predecessor-version":[{"id":5721,"href":"https:\/\/www.oraviaggiando.it\/blog\/wp-json\/wp\/v2\/posts\/5719\/revisions\/5721"}],"wp:featuredmedia":[{"embeddable":true,"href":"https:\/\/www.oraviaggiando.it\/blog\/wp-json\/wp\/v2\/media\/5720"}],"wp:attachment":[{"href":"https:\/\/www.oraviaggiando.it\/blog\/wp-json\/wp\/v2\/media?parent=5719"}],"wp:term":[{"taxonomy":"category","embeddable":true,"href":"https:\/\/www.oraviaggiando.it\/blog\/wp-json\/wp\/v2\/categories?post=5719"},{"taxonomy":"post_tag","embeddable":true,"href":"https:\/\/www.oraviaggiando.it\/blog\/wp-json\/wp\/v2\/tags?post=5719"}],"curies":[{"name":"wp","href":"https:\/\/api.w.org\/{rel}","templated":true}]}}