{"id":585,"date":"2011-12-18T00:00:00","date_gmt":"2011-12-18T00:00:00","guid":{"rendered":"https:\/\/www.oraviaggiando.it\/blog\/\/festival-del-vino-mamertino-doc-n292\/"},"modified":"2018-09-05T15:48:07","modified_gmt":"2018-09-05T13:48:07","slug":"festival-del-vino-mamertino-doc-n292","status":"publish","type":"post","link":"https:\/\/www.oraviaggiando.it\/blog\/festival-del-vino-mamertino-doc-n292\/","title":{"rendered":"Festival del Vino Mamertino DOC"},"content":{"rendered":"<div id=\"content\">\n<h1 style=\"display:none;\">Festival del Vino Mamertino DOC<\/h1>\n<p>Ogni anno a Santa Lucia del Mela \u0096 Messina si svolge la Sagra del Mamertino Doc. <\/p>\n<p>Tale manifestazione \u00e8 dedicate all&#8217;enogastronomia locale di qualit\u00e0 e ai vini certificati del territorio, il tutto accompagnato da degustazioni e visite guidate. <\/p>\n<p>Protagonista dell&#8217;evento \u00e8 il Mamertino doc, un vino molto raffinato, tramandato nel tempo fin dagli antichi romani. <\/p>\n<p>Finalit\u00e0 principale del festival \u00e8 quella di  divulgare le risorse del territorio attraverso l&#8217;enogastronomia di qualit\u00e0 e il turismo culturale.<\/p>\n<p>Territorio che vanta, infatti,  una grande produzione di vini prestigiosi conosciuti in gran parte del mondo.<\/p>\n<p>L&#8217;evento \u00e8 organizzato dalla Strada del Vino della Provincia di Messina con il patrocinio del comune di Santa Lucia del Mela.<\/p>\n<div id=\"date\" style=\"display:none;\">2011-12-18<\/div>\n<p><img decoding=\"async\" src=\"https:\/\/www.oraviaggiando.it\/blog\/\/wp-content\/uploads\/2011\/12\/FEV1323083557.jpg\" align=\"left\" style=\"margin-right:20px;margin-bottom:20px;max-width:350px;\" alt=\"Festival del Vino Mamertino DOC\"\/><\/div>\n","protected":false},"excerpt":{"rendered":"<p>Festival del Vino Mamertino DOC Ogni anno a Santa Lucia del Mela \u0096 Messina si svolge la Sagra del Mamertino Doc. Tale manifestazione \u00e8 dedicate all&#8217;enogastronomia locale di qualit\u00e0 e ai vini certificati del territorio, il tutto accompagnato da degustazioni e visite guidate. Protagonista dell&#8217;evento \u00e8 il Mamertino doc, un vino molto raffinato, tramandato nel [&hellip;]<\/p>\n","protected":false},"author":1,"featured_media":0,"comment_status":"open","ping_status":"open","sticky":false,"template":"","format":"standard","meta":{"footnotes":""},"categories":[85],"tags":[],"class_list":["post-585","post","type-post","status-publish","format-standard","hentry","category-eventi"],"_links":{"self":[{"href":"https:\/\/www.oraviaggiando.it\/blog\/wp-json\/wp\/v2\/posts\/585","targetHints":{"allow":["GET"]}}],"collection":[{"href":"https:\/\/www.oraviaggiando.it\/blog\/wp-json\/wp\/v2\/posts"}],"about":[{"href":"https:\/\/www.oraviaggiando.it\/blog\/wp-json\/wp\/v2\/types\/post"}],"author":[{"embeddable":true,"href":"https:\/\/www.oraviaggiando.it\/blog\/wp-json\/wp\/v2\/users\/1"}],"replies":[{"embeddable":true,"href":"https:\/\/www.oraviaggiando.it\/blog\/wp-json\/wp\/v2\/comments?post=585"}],"version-history":[{"count":1,"href":"https:\/\/www.oraviaggiando.it\/blog\/wp-json\/wp\/v2\/posts\/585\/revisions"}],"predecessor-version":[{"id":692,"href":"https:\/\/www.oraviaggiando.it\/blog\/wp-json\/wp\/v2\/posts\/585\/revisions\/692"}],"wp:attachment":[{"href":"https:\/\/www.oraviaggiando.it\/blog\/wp-json\/wp\/v2\/media?parent=585"}],"wp:term":[{"taxonomy":"category","embeddable":true,"href":"https:\/\/www.oraviaggiando.it\/blog\/wp-json\/wp\/v2\/categories?post=585"},{"taxonomy":"post_tag","embeddable":true,"href":"https:\/\/www.oraviaggiando.it\/blog\/wp-json\/wp\/v2\/tags?post=585"}],"curies":[{"name":"wp","href":"https:\/\/api.w.org\/{rel}","templated":true}]}}