{"id":586,"date":"2011-09-17T00:00:00","date_gmt":"2011-09-17T00:00:00","guid":{"rendered":"https:\/\/www.oraviaggiando.it\/blog\/\/festival-franciacorta-in-cantina-2011-n262\/"},"modified":"2011-09-17T00:00:00","modified_gmt":"2011-09-17T00:00:00","slug":"festival-franciacorta-in-cantina-2011-n262","status":"publish","type":"post","link":"https:\/\/www.oraviaggiando.it\/blog\/festival-franciacorta-in-cantina-2011-n262\/","title":{"rendered":"Festival Franciacorta in cantina 2011"},"content":{"rendered":"<div id=\"content\">\n<h1 style=\"display:none;\">Festival Franciacorta in cantina 2011<\/h1>\n<p>Erbusco (BS)- Rinnovato prestigioso appuntamento che il Consorzio Franciacorta organizza per turisti e appassionati di vino, dedicando un intero week-end di eventi e attivit\u00e0 alla scoperta del territorio. L&#8217;appuntamento \u00e8 per sabato 17 e domenica 18 settembre, destinazione il cuore della Lombardia, tra la citt\u00e0 di Brescia e il Lago d&#8217;Iseo, territorio vocato alla viticoltura per eccellenza, ma anche ricco di natura, storia e tradizioni. Un&#8217;imperdibile occasione per vivere un&#8217;esperienza a 360 gradi. Chi vorr\u00e0 esplorare i Sapori, potr\u00e0 farlo durante i percorsi di visita nei preziosi caveau delle cantine, con degustazioni e abbinamenti a cura di esperti enologi, passeggiando tra i vigneti per scoprire come e dove nascono le armoniose bollicine franciacortine o approfittando degli spazi accanto ai filari per un originale pic-nic. Inoltre una selezione di ristoranti e agriturismi della zona proporranno menu a base di piatti tipici della tradizione bresciana, accostandoli ai migliori Brut, Extra Brut, Sat\u00e8n o Ros\u00e9. Gli appassionati di Musica potranno lasciarsi trasportare dalle sinfonie dei musicisti del Teatro alla Scala o vivere le raffinate emozioni suscitate da eclettici artisti contemporanei, per una totale esperienza sensoriale unita a un calice di Franciacorta. Gli amanti dell&#8217;Arte potranno vedere in anteprima al Palazzo Lana di Borgonato le opere del progetto In-Tralci, realizzate da 10 giovani artisti europei in occasione dei 50 anni della prima bottiglia di Franciacorta e che verranno esposte a Milano il prossimo dicembre. Oppure scoprire come i produttori amino legare l&#8217;arte del vino alle arti in genere, dagli acquarelli ai murales, dalla scultura al cinema. Infine, per un&#8217;esperienza alternativa ma ricca di Emozioni sar\u00e0 possibile seguire insolite degustazioni all&#8217;insegna di suggestioni di colori, nuovi sapori e abbinamenti originali, fantasticando con i profumi e la cosmesi femminile o assistendo a una vera e propria sfilata di moda in cantina. In programma anche attrazioni e intrattenimento per famiglie con bambini, come i laboratori di educazione ai cinque sensi e percorsi didattici. Tutti gli eventi sono su prenotazione obbligatoria, contattando direttamente le cantine oppure contattando il Consorzio Franciacorta allo 030\/7760477. Sul sito www.festivalfranciacorta.it \u00e8 possibile consultare il programma completo del Festival e le molteplici alternative per raggiungere questi luoghi. Dai tour in bus agli itinerari di trekking e in bicicletta che prevedono soste in cantine per la degustazione e visite ad abbazie, borghi, palazzi, ville, giardini e riserve naturali. L&#8217;associazione Strada del Franciacorta propone speciali pacchetti per visitare il territorio in una, due o anche tre giornate (www.stradadelfranciacorta.it ). E inoltre per i pi\u00f9 tecnologici, sar\u00e0 possibile scaricare gratuitamente dall&#8217;Apple Store la recente applicazione Franciacorta per avere sempre a portata di mano il calendario degli eventi, gli itinerari e l&#8217;elenco di cantine, ristoranti, luoghi e monumenti artistici.<\/p>\n<div id=\"date\" style=\"display:none;\">2011-09-17<\/div>\n<\/div>\n","protected":false},"excerpt":{"rendered":"<p>Festival Franciacorta in cantina 2011 Erbusco (BS)- Rinnovato prestigioso appuntamento che il Consorzio Franciacorta organizza per turisti e appassionati di vino, dedicando un intero week-end di eventi e attivit\u00e0 alla scoperta del territorio. L&#8217;appuntamento \u00e8 per sabato 17 e domenica 18 settembre, destinazione il cuore della Lombardia, tra la citt\u00e0 di Brescia e il Lago [&hellip;]<\/p>\n","protected":false},"author":1,"featured_media":0,"comment_status":"open","ping_status":"open","sticky":false,"template":"","format":"standard","meta":{"footnotes":""},"categories":[85],"tags":[],"class_list":["post-586","post","type-post","status-publish","format-standard","hentry","category-eventi"],"_links":{"self":[{"href":"https:\/\/www.oraviaggiando.it\/blog\/wp-json\/wp\/v2\/posts\/586","targetHints":{"allow":["GET"]}}],"collection":[{"href":"https:\/\/www.oraviaggiando.it\/blog\/wp-json\/wp\/v2\/posts"}],"about":[{"href":"https:\/\/www.oraviaggiando.it\/blog\/wp-json\/wp\/v2\/types\/post"}],"author":[{"embeddable":true,"href":"https:\/\/www.oraviaggiando.it\/blog\/wp-json\/wp\/v2\/users\/1"}],"replies":[{"embeddable":true,"href":"https:\/\/www.oraviaggiando.it\/blog\/wp-json\/wp\/v2\/comments?post=586"}],"version-history":[{"count":0,"href":"https:\/\/www.oraviaggiando.it\/blog\/wp-json\/wp\/v2\/posts\/586\/revisions"}],"wp:attachment":[{"href":"https:\/\/www.oraviaggiando.it\/blog\/wp-json\/wp\/v2\/media?parent=586"}],"wp:term":[{"taxonomy":"category","embeddable":true,"href":"https:\/\/www.oraviaggiando.it\/blog\/wp-json\/wp\/v2\/categories?post=586"},{"taxonomy":"post_tag","embeddable":true,"href":"https:\/\/www.oraviaggiando.it\/blog\/wp-json\/wp\/v2\/tags?post=586"}],"curies":[{"name":"wp","href":"https:\/\/api.w.org\/{rel}","templated":true}]}}