{"id":645,"date":"2011-10-22T00:00:00","date_gmt":"2011-10-22T00:00:00","guid":{"rendered":"https:\/\/www.oraviaggiando.it\/blog\/\/volterragusto-n259\/"},"modified":"2011-10-22T00:00:00","modified_gmt":"2011-10-22T00:00:00","slug":"volterragusto-n259","status":"publish","type":"post","link":"https:\/\/www.oraviaggiando.it\/blog\/volterragusto-n259\/","title":{"rendered":"Volterragusto"},"content":{"rendered":"<div id=\"content\">\n<h1 style=\"display:none;\">Volterragusto<\/h1>\n<p>Torna dal 22 ottobre al primo novembre, come da tradizione, l&#8217;appuntamento autunnale dedicato alle tipicit\u00e0 enogastronomiche di Volterra e della Val di Cecina. Il contenitore di &#8221; VOLTERRAGUSTO&#8221; celebrer\u00e0 anche quest&#8217;anno il pregiato tartufo bianco locale, prodotto simbolo di quest&#8217;angolo di Toscana, con la &#8220;XIV Mostra Mercato del tartufo Bianco delle Colline Sanminiatesi&#8221; in programma nei due fine settimana del 22- 23 OTTOBRE e 29-30-31 OTTOBRE &#8211; 1 NOVEMBRE (dalle 10 alle 20). Ad affiancarlo formaggi, olio, vino, salumi, cioccolata e tanto altro ancora, in una carrellata di saperi e sapori che offrir\u00e0 ai visitatori una panoramica a 360\u00b0 di quanto di buono questo territorio \u00e8 in grado di offrire. Si replica la formula &#8220;itinerante&#8221; adottata gi\u00e0 da due edizione che tanto successo ha riscosso fra il pubblico, con protagonisti i produttori della filiera corta volterrana: a suggestiva cornice degli stand saranno anche quest&#8217;anno le corti e palazzi storici della citt\u00e0, tappe di &#8220;FILO FILO, BOCCON BOCCONE&#8221; , itinerario del gusto che intreccer\u00e0 gastronomia e cultura, i sapori della tradizione locale con alcune delle ambientazioni pi\u00f9 emozionanti e meno note che Volterra \u00e8 in grado di regalare. Ogni sosta dar\u00e0 diritto a un bollino da apporre su di un&#8217;apposita scheda, da ritirare nel punto informativo e riconsegnare completa al termine del percorso: ogni week-end un&#8217;estrazione premier\u00e0 i fortunati vincitori con tanti premi davvero interessanti. Nelle Logge di Piazza de&#8217; Priori saranno invece ospitati espositori provenienti da altre zone, in un gemellaggio enogastronomico che fa di Volterra sempre pi\u00f9 una capitale del gusto. Stand e degustazioni insomma, ma VOLTERRAGUSTO tiene come sempre fede alla sua natura di evento ricco di momenti pensati per tutta la famiglia: fra le iniziative in calendario la corsa dei caci(domenica 23 ottobre, ore 15, via franceschini), attesissima gara in cui le contrade di volterra si daranno battaglia facendo ruzzolare lungo il percorso cittadino le loro caciotte; la CACCIA AL TARTUFO (marted\u00ec 1 novembre, ore 14.30, partecipazione gratuita),dimostrazione sul campoin compagnia deitartufai volterrani e dei loro inseparabili segugi per scoprire dove e come scovare il pregiato tubero; l&#8217;esibizione a cura del GRUPPO STORICO: SBANDIERATORI E MUSICI CITT\u00c0 DI VOLTERRA (marted\u00ec 1 novembre, ore 15.30, piazza dei Priori);uno spazio degustazione allestito nelle CANTINE STORICHE DI PALAZZO DE LUIGI, aperto in via eccezionale per l&#8217;occasione, a cura dell&#8217;Associazione Tartufai della Val di Cecina. Senza ovviamente dimenticare uno dei momenti pi\u00f9 attesi dell&#8217;intera rassegna, la consegna a un personaggio di spicco del settore enogastronomico del PREMIO JARRO (domenica 30 ottobre, ore 17.30 &#8211; Sala del Maggior Consiglio di Palazzo de&#8217; Priori) quale riconoscimento per l&#8217;impegno nella divulgazione della cultura della buona tavola: ospite quest&#8217;anno sar\u00e0 ROBERTO BURDESE, Presidente Nazionale di Slow Food, in un incontro aperto al pubblico. Per tutta la durata della rassegna si rinnover\u00e0 inoltre la promozione &#8220;VOLTERRA DI GUSTO.. E DI CULTURA&#8221;, con la consegna ai visitatori di un coupon valido come riduzione sul biglietto di ingresso per diversi musei della citt\u00e0.<\/p>\n<div id=\"date\" style=\"display:none;\">2011-10-22<\/div>\n<\/div>\n","protected":false},"excerpt":{"rendered":"<p>Volterragusto Torna dal 22 ottobre al primo novembre, come da tradizione, l&#8217;appuntamento autunnale dedicato alle tipicit\u00e0 enogastronomiche di Volterra e della Val di Cecina. Il contenitore di &#8221; VOLTERRAGUSTO&#8221; celebrer\u00e0 anche quest&#8217;anno il pregiato tartufo bianco locale, prodotto simbolo di quest&#8217;angolo di Toscana, con la &#8220;XIV Mostra Mercato del tartufo Bianco delle Colline Sanminiatesi&#8221; in [&hellip;]<\/p>\n","protected":false},"author":1,"featured_media":0,"comment_status":"open","ping_status":"open","sticky":false,"template":"","format":"standard","meta":{"footnotes":""},"categories":[85],"tags":[],"class_list":["post-645","post","type-post","status-publish","format-standard","hentry","category-eventi"],"_links":{"self":[{"href":"https:\/\/www.oraviaggiando.it\/blog\/wp-json\/wp\/v2\/posts\/645","targetHints":{"allow":["GET"]}}],"collection":[{"href":"https:\/\/www.oraviaggiando.it\/blog\/wp-json\/wp\/v2\/posts"}],"about":[{"href":"https:\/\/www.oraviaggiando.it\/blog\/wp-json\/wp\/v2\/types\/post"}],"author":[{"embeddable":true,"href":"https:\/\/www.oraviaggiando.it\/blog\/wp-json\/wp\/v2\/users\/1"}],"replies":[{"embeddable":true,"href":"https:\/\/www.oraviaggiando.it\/blog\/wp-json\/wp\/v2\/comments?post=645"}],"version-history":[{"count":0,"href":"https:\/\/www.oraviaggiando.it\/blog\/wp-json\/wp\/v2\/posts\/645\/revisions"}],"wp:attachment":[{"href":"https:\/\/www.oraviaggiando.it\/blog\/wp-json\/wp\/v2\/media?parent=645"}],"wp:term":[{"taxonomy":"category","embeddable":true,"href":"https:\/\/www.oraviaggiando.it\/blog\/wp-json\/wp\/v2\/categories?post=645"},{"taxonomy":"post_tag","embeddable":true,"href":"https:\/\/www.oraviaggiando.it\/blog\/wp-json\/wp\/v2\/tags?post=645"}],"curies":[{"name":"wp","href":"https:\/\/api.w.org\/{rel}","templated":true}]}}