{"id":779,"date":"2012-02-03T00:00:00","date_gmt":"2012-02-03T00:00:00","guid":{"rendered":"https:\/\/www.oraviaggiando.it\/blog\/\/14-festival-del-tartufo-vero-n303\/"},"modified":"2018-09-05T15:48:52","modified_gmt":"2018-09-05T13:48:52","slug":"14-festival-del-tartufo-vero-n303","status":"publish","type":"post","link":"https:\/\/www.oraviaggiando.it\/blog\/14-festival-del-tartufo-vero-n303\/","title":{"rendered":"14\u00b0 Festival Del Tartufo Vero"},"content":{"rendered":"<div id=\"content\">\n<h1 style=\"display:none;\">14\u00b0 Festival Del Tartufo Vero<\/h1>\n<p>Montefortino 3, 4, 5 Febbraio 2012&#13;<\/p>\n<p>Nel cuore dello splendido scenario del Parco Nazionale dei Sibillini, incastonato fra le montagne, si erge Montefortino, centro di particolare bellezza sia sotto il profilo architettonico che per il paesaggio naturalistico. Il suo centro storico di epoca medioevale \u00e8, infatti, un balcone panoramico su gradevoli valli fino agli irti pendii dei monti che chiudono l\u0092orizzonte. Un luogo suggestivo e leggendario, ma anche permeato di soffusa religiosit\u00e0.&#13;<br \/>Il paese fronteggia il massiccio su cui si trova la grotta della mitica profetessa Sibilla. &#13;<br \/>Tra i numerosi tesori conservati nello scrigno della leggendaria maga, spicca il tartufo nero pregiato dei Monti Sibillini.&#13;<br \/>Il Festival del Tartufo Vero \u00e8 giunto alla 14\u00b0 edizione e l\u0092uso dell\u0092aggettivo \u0093vero\u0094 vuol sottolineare che il tartufo presente nella mostra-mercato sar\u00e0 esclusivamente quello proveniente dai boschi dei Sibillini. &#13;<br \/>La manifestazione di Montefortino conclude una serie di eventi che si realizzano all\u0092interno del territorio della Comunit\u00e0 Montana dei Sibillini volti alla promozione, valorizzazione e commercializzazione dei prodotti di eccellenza di questa zona montana.&#13;<br \/>Il percorso degustativo inizia ad agosto a Force con \u0093Non Chiamatelo Scorzone\u0094 (TUBER AESTIVUM VITTADINA), prosegue ad Amandola a novembre con \u0093Diamanti a Tavola\u0094 per il bianco (TUBER MAGNATUM PICO) e arriva a febbraio a Montefortino con il \u0093Festival del Tartufo Vero\u0094 per il nero pregiato (TUBER MELAMOSPORUM VITTADINI). &#13;<br \/>Il programma della 14\u00b0 edizione rispecchia la volont\u00e0 di evidenziare sotto ogni aspetto l\u0092eccellenza di questo nobile prodotto, quale \u00e8 il tartufo nero pregiato. &#13;<br \/>Si inizia venerd\u00ec 3, alle ore 17,00 a Palazzo Leopardi, con un convegno sul tema:\u0094Tartufo nero pregiato: evoluzioni normative e qualit\u00e0 organolettiche\u0094 che si terr\u00e0 presso la Sala Multimediale, convegno a cui parteciperanno le massime autorit\u00e0 regionali del settore, il pomeriggio proseguir\u00e0 con una visita guidata alla Pinacoteca Civica e al Museo di Arte Sacra, altro tesoro di immenso valore custodito da quei azzurri monti di Leopardiana memoria. &#13;<br \/>Sabato 4 alle ore 16,00 a cura dell\u0092Associazione Cuochi del Fermano verr\u00e0 illustrata la preparazione e fatti degustare alcuni piatti a base di tartufo.&#13;<br \/>Sia sabato che domenica saranno presenti espositori e produttori locali, stand eno-gastronomici, artigianato locale, intrattenimenti musicali e artisti di strada.&#13;<br \/>Il Polo Museale Palazzo Leopardi sar\u00e0 aperto dalle ore 10,30 alle 18,30 sia sabato che domenica.&#13;<br \/>Inoltre la manifestazione sar\u00e0 arricchita dal 6\u00b0 Motoraduno \u0093Aquile dei Sibillini\u0094 che si svolger\u00e0 domenica mattina. &#13;<\/p>\n<div id=\"date\" style=\"display:none;\">2012-02-03<\/div>\n<p><img decoding=\"async\" src=\"https:\/\/www.oraviaggiando.it\/blog\/\/wp-content\/uploads\/2012\/02\/FEV1327654689.jpg\" align=\"left\" style=\"margin-right:20px;margin-bottom:20px;max-width:350px;\" alt=\"14\u00b0 Festival Del Tartufo Vero\"\/><\/div>\n","protected":false},"excerpt":{"rendered":"<p>14\u00b0 Festival Del Tartufo Vero Montefortino 3, 4, 5 Febbraio 2012&#13; Nel cuore dello splendido scenario del Parco Nazionale dei Sibillini, incastonato fra le montagne, si erge Montefortino, centro di particolare bellezza sia sotto il profilo architettonico che per il paesaggio naturalistico. Il suo centro storico di epoca medioevale \u00e8, infatti, un balcone panoramico su [&hellip;]<\/p>\n","protected":false},"author":1,"featured_media":0,"comment_status":"open","ping_status":"open","sticky":false,"template":"","format":"standard","meta":{"footnotes":""},"categories":[85],"tags":[],"class_list":["post-779","post","type-post","status-publish","format-standard","hentry","category-eventi"],"_links":{"self":[{"href":"https:\/\/www.oraviaggiando.it\/blog\/wp-json\/wp\/v2\/posts\/779","targetHints":{"allow":["GET"]}}],"collection":[{"href":"https:\/\/www.oraviaggiando.it\/blog\/wp-json\/wp\/v2\/posts"}],"about":[{"href":"https:\/\/www.oraviaggiando.it\/blog\/wp-json\/wp\/v2\/types\/post"}],"author":[{"embeddable":true,"href":"https:\/\/www.oraviaggiando.it\/blog\/wp-json\/wp\/v2\/users\/1"}],"replies":[{"embeddable":true,"href":"https:\/\/www.oraviaggiando.it\/blog\/wp-json\/wp\/v2\/comments?post=779"}],"version-history":[{"count":1,"href":"https:\/\/www.oraviaggiando.it\/blog\/wp-json\/wp\/v2\/posts\/779\/revisions"}],"predecessor-version":[{"id":881,"href":"https:\/\/www.oraviaggiando.it\/blog\/wp-json\/wp\/v2\/posts\/779\/revisions\/881"}],"wp:attachment":[{"href":"https:\/\/www.oraviaggiando.it\/blog\/wp-json\/wp\/v2\/media?parent=779"}],"wp:term":[{"taxonomy":"category","embeddable":true,"href":"https:\/\/www.oraviaggiando.it\/blog\/wp-json\/wp\/v2\/categories?post=779"},{"taxonomy":"post_tag","embeddable":true,"href":"https:\/\/www.oraviaggiando.it\/blog\/wp-json\/wp\/v2\/tags?post=779"}],"curies":[{"name":"wp","href":"https:\/\/api.w.org\/{rel}","templated":true}]}}